{"id":2634,"date":"2024-09-18T01:41:00","date_gmt":"2024-09-18T01:41:00","guid":{"rendered":"https:\/\/tamaulipasmiregion.com\/?p=2634"},"modified":"2024-09-24T01:42:52","modified_gmt":"2024-09-24T01:42:52","slug":"la-uat-consolida-74-anos-de-servir-al-desarrollo-y-bienestar-de-tamaulipas-damaso-anaya","status":"publish","type":"post","link":"https:\/\/tamaulipasmiregion.com\/?p=2634","title":{"rendered":"La UAT consolida 74 a\u00f1os de servir al desarrollo y bienestar de Tamaulipas: D\u00e1maso Anaya"},"content":{"rendered":"<p>El rector, MVZ D\u00e1 m\u00e1so An\u00e1y\u00e1 Alv\u00e1r\u00e1do, presidio l\u00e1 ceremoni\u00e1 del 74 \u00e1nivers\u00e1rio de l\u00e1<br \/>\nfund\u00e1cio n de l\u00e1 Universid\u00e1d Auto nom\u00e1 de T\u00e1m\u00e1ulip\u00e1s (UAT) y el homen\u00e1je que rindio<br \/>\nl\u00e1 comunid\u00e1d universit\u00e1ri\u00e1 p\u00e1r\u00e1 record\u00e1r \u00e1 quienes, con un\u00e1 gr\u00e1n visio n, inici\u00e1ron l\u00e1<br \/>\nm\u00e1 xim\u00e1 c\u00e1s\u00e1 de estudios del est\u00e1do.<br \/>\nEn el evento celebr\u00e1do l\u00e1 m\u00e1n \u00e1n\u00e1 de este mie rcoles 18 de septiembre en el<br \/>\nC\u00e1mpus T\u00e1mpico, el rector expreso que este es un momento p\u00e1r\u00e1 conmemor\u00e1r l\u00e1<br \/>\nfund\u00e1cio n, pero t\u00e1mbie n p\u00e1r\u00e1 reflexion\u00e1r sobre el p\u00e1pel de ser universit\u00e1rios y \u00e1br\u00e1z\u00e1r<br \/>\nl\u00e1 respons\u00e1bilid\u00e1d de ser p\u00e1rt\u00ed cipes en l\u00e1 gener\u00e1cio n de un T\u00e1m\u00e1ulip\u00e1s m\u00e1 s pro spero,<br \/>\nm\u00e1 s hum\u00e1nist\u00e1 y equit\u00e1tivo.<br \/>\nDest\u00e1co que en est\u00e1 fech\u00e1 se rinde homen\u00e1je \u00e1 los fund\u00e1dores, \u00e1quellos vision\u00e1rios<br \/>\nque, con profundo compromiso y v\u00e1lent\u00ed \u00e1, dieron vid\u00e1 \u00e1 l\u00e1 Universid\u00e1d Auto nom\u00e1 de<br \/>\nT\u00e1m\u00e1ulip\u00e1s, un\u00e1 institucio n que \u2014\u00e1n \u00e1dio \u2014 re\u00e1firm\u00e1 su compromiso con l\u00e1 socied\u00e1d y<br \/>\ncon el des\u00e1rrollo de todos los sectores que l\u00e1 componen.<br \/>\nComo p\u00e1rte del protocolo, el MVZ D\u00e1 m\u00e1so An\u00e1y\u00e1 enc\u00e1bezo l\u00e1 gu\u00e1rdi\u00e1 de honor y<br \/>\ncoloc\u00e1cio n de l\u00e1 ofrend\u00e1 flor\u00e1l en l\u00e1 Rotond\u00e1 de los Fund\u00e1dores y Hombres Ilustres,<br \/>\n\u00e1comp\u00e1n \u00e1do por estudi\u00e1ntes, docentes, director\u00e1s y directores de l\u00e1s f\u00e1cult\u00e1des e<br \/>\ninvit\u00e1dos especi\u00e1les.<br \/>\nEn su mens\u00e1je, el rector \u00e1punto que este homen\u00e1je no solo es p\u00e1r\u00e1 record\u00e1r el<br \/>\np\u00e1s\u00e1do, sino p\u00e1r\u00e1 re\u00e1firm\u00e1r los v\u00e1lores que impuls\u00e1n \u00e1 l\u00e1 UAT h\u00e1ci\u00e1 el futuro,<br \/>\nsubr\u00e1y\u00e1ndo que hoy se present\u00e1 como un\u00e1 universid\u00e1d hum\u00e1nist\u00e1, comprometid\u00e1<br \/>\nprofund\u00e1mente con l\u00e1 socied\u00e1d y con el bienest\u00e1r de todos.<br \/>\nL\u00e1 UAT hoy se define no solo por l\u00e1 c\u00e1lid\u00e1d de su ensen \u00e1nz\u00e1, sino por su cerc\u00e1n\u00ed \u00e1 con<br \/>\nl\u00e1 socied\u00e1d, y se distingue porque su educ\u00e1cio n v\u00e1 m\u00e1 s \u00e1ll\u00e1 del \u00e1ul\u00e1, \u00e1b\u00e1rc\u00e1ndo todos<br \/>\nlos \u00e1spectos de l\u00e1 vid\u00e1 cotidi\u00e1n\u00e1, expreso el rector.<br \/>\nD\u00e1 m\u00e1so An\u00e1y\u00e1 puntu\u00e1lizo que este \u00e1cto de memori\u00e1 y respeto es en el fondo un \u00e1cto<br \/>\nde proyeccio n h\u00e1ci\u00e1 el porvenir, e invito \u00e1 los universit\u00e1rios \u00e1 seguir unidos, con l\u00e1<br \/>\ncertez\u00e1 de que tr\u00e1b\u00e1j\u00e1ndo juntos l\u00e1 UAT se consolid\u00e1r\u00e1 como un\u00e1 universid\u00e1d \u00e1l servicio<br \/>\nde l\u00e1 hum\u00e1nid\u00e1d, del conocimiento y del progreso soci\u00e1l.<br \/>\nEn este m\u00e1rco, l\u00e1 Mtr\u00e1. Eld\u00e1 Ruth de los Reyes Vill\u00e1rre\u00e1l, director\u00e1 de l\u00e1 F\u00e1cult\u00e1d<br \/>\nde Derecho y Cienci\u00e1s Soci\u00e1les; y el Dr. R\u00e1u l de Leo n Escobedo, director de l\u00e1 F\u00e1cult\u00e1d<br \/>\nde Medicin\u00e1 T\u00e1mpico; hicieron uso de l\u00e1 p\u00e1l\u00e1br\u00e1 p\u00e1r\u00e1 record\u00e1r l\u00e1 histori\u00e1 de est\u00e1s dos<br \/>\nescuel\u00e1s fund\u00e1dor\u00e1s de l\u00e1 UAT, y p\u00e1r\u00e1 \u00e1gr\u00e1decer \u00e1 quienes h\u00e1ce 74 \u00e1n os se esforz\u00e1ron<br \/>\npor tener un\u00e1 institucio n de prestigio; l\u00e1 que hoy, t\u00e1l como lo son \u00e1ron, es l\u00e1 institucio n<br \/>\nde educ\u00e1cio n superior m\u00e1 s gr\u00e1nde de T\u00e1m\u00e1ulip\u00e1s.<br \/>\nL\u00e1 emotiv\u00e1 ceremoni\u00e1 tuvo como invit\u00e1dos de honor \u00e1 f\u00e1mili\u00e1res de los<br \/>\nfund\u00e1dores, y conto con l\u00e1 \u00e1sistenci\u00e1 de los \u00e1lc\u00e1ldes electos de T\u00e1mpico, M\u00e1dero y<br \/>\nAlt\u00e1mir\u00e1, y los diput\u00e1dos electos de l\u00e1 zon\u00e1 sur, \u00e1dem\u00e1 s de funcion\u00e1rios de l\u00e1 Rector\u00ed \u00e1<br \/>\ny \u00e1utorid\u00e1des feder\u00e1les, est\u00e1t\u00e1les y municip\u00e1les.<\/p>\n","protected":false},"excerpt":{"rendered":"El rector, MVZ D\u00e1 m\u00e1so An\u00e1y\u00e1 Alv\u00e1r\u00e1do, presidio l\u00e1 ceremoni\u00e1 del 74 \u00e1nivers\u00e1rio de l\u00e1 fund\u00e1cio n de l\u00e1 Universid\u00e1d Auto nom\u00e1 de T\u00e1m\u00e1ulip\u00e1s (UAT) y el homen\u00e1je que rindio l\u00e1 comunid\u00e1d universit\u00e1ri\u00e1 p\u00e1r\u00e1 record\u00e1r \u00e1 quienes, con un\u00e1 gr\u00e1n visio n, inici\u00e1ron l\u00e1 m\u00e1 xim\u00e1 c\u00e1s\u00e1 de estudios del est\u00e1do. En el evento celebr\u00e1do","protected":false},"author":1,"featured_media":2635,"comment_status":"open","ping_status":"open","sticky":false,"template":"","format":"standard","meta":{"_monsterinsights_skip_tracking":false,"_monsterinsights_sitenote_active":false,"_monsterinsights_sitenote_note":"","_monsterinsights_sitenote_category":0,"footnotes":""},"categories":[3],"tags":[],"class_list":["post-2634","post","type-post","status-publish","format-standard","has-post-thumbnail","hentry","category-noticias"],"aioseo_notices":[],"amp_enabled":true,"_links":{"self":[{"href":"https:\/\/tamaulipasmiregion.com\/index.php?rest_route=\/wp\/v2\/posts\/2634","targetHints":{"allow":["GET"]}}],"collection":[{"href":"https:\/\/tamaulipasmiregion.com\/index.php?rest_route=\/wp\/v2\/posts"}],"about":[{"href":"https:\/\/tamaulipasmiregion.com\/index.php?rest_route=\/wp\/v2\/types\/post"}],"author":[{"embeddable":true,"href":"https:\/\/tamaulipasmiregion.com\/index.php?rest_route=\/wp\/v2\/users\/1"}],"replies":[{"embeddable":true,"href":"https:\/\/tamaulipasmiregion.com\/index.php?rest_route=%2Fwp%2Fv2%2Fcomments&post=2634"}],"version-history":[{"count":1,"href":"https:\/\/tamaulipasmiregion.com\/index.php?rest_route=\/wp\/v2\/posts\/2634\/revisions"}],"predecessor-version":[{"id":2636,"href":"https:\/\/tamaulipasmiregion.com\/index.php?rest_route=\/wp\/v2\/posts\/2634\/revisions\/2636"}],"wp:featuredmedia":[{"embeddable":true,"href":"https:\/\/tamaulipasmiregion.com\/index.php?rest_route=\/wp\/v2\/media\/2635"}],"wp:attachment":[{"href":"https:\/\/tamaulipasmiregion.com\/index.php?rest_route=%2Fwp%2Fv2%2Fmedia&parent=2634"}],"wp:term":[{"taxonomy":"category","embeddable":true,"href":"https:\/\/tamaulipasmiregion.com\/index.php?rest_route=%2Fwp%2Fv2%2Fcategories&post=2634"},{"taxonomy":"post_tag","embeddable":true,"href":"https:\/\/tamaulipasmiregion.com\/index.php?rest_route=%2Fwp%2Fv2%2Ftags&post=2634"}],"curies":[{"name":"wp","href":"https:\/\/api.w.org\/{rel}","templated":true}]}}