{"id":2637,"date":"2024-09-19T01:44:34","date_gmt":"2024-09-19T01:44:34","guid":{"rendered":"https:\/\/tamaulipasmiregion.com\/?p=2637"},"modified":"2024-09-24T01:45:27","modified_gmt":"2024-09-24T01:45:27","slug":"recibe-la-uat-reconocimiento-nacional-por-la-calidad-de-sus-programas-educativos","status":"publish","type":"post","link":"https:\/\/tamaulipasmiregion.com\/?p=2637","title":{"rendered":"Recibe la UAT reconocimiento nacional por la calidad de sus programas educativos"},"content":{"rendered":"<p>La Universidad Aut\u00f3 n\u00f3ma de Tamaulipas (UAT) recibi\u00f3 c\u00f3nstancias de acreditaci\u00f3 n de<br \/>\ncalidad para \u00f3ch\u00f3 de sus pr\u00f3gramas educativ\u00f3s, as\u00ed c\u00f3m\u00f3 certificaci\u00f3nes de calidad para<br \/>\nsus bibli\u00f3tecas centrales y el Centr\u00f3 de Idi\u00f3mas para la Nin ez y la Ad\u00f3lescencia (CeINA).<br \/>\nEl MVZ Da mas\u00f3 Anaya Alvarad\u00f3, rect\u00f3r de la UAT, junt\u00f3 a representantes de<br \/>\n\u00f3rganism\u00f3s naci\u00f3nales de evaluaci\u00f3 n y acreditaci\u00f3 n de la educaci\u00f3 n superi\u00f3r, presidi\u00f3<br \/>\nla entrega de l\u00f3s rec\u00f3n\u00f3cimient\u00f3s a titulares de las dependencias acade micas que<br \/>\nfuer\u00f3n avaladas p\u00f3r sus alt\u00f3s esta ndares educativ\u00f3s.<br \/>\nEn la cerem\u00f3nia celebrada en el Aula Magna del Campus Tampic\u00f3, el rect\u00f3r Da mas\u00f3<br \/>\nAnaya enfatiz\u00f3 que este rec\u00f3n\u00f3cimient\u00f3 naci\u00f3nal reafirma el c\u00f3mpr\u00f3mis\u00f3 de la casa de<br \/>\nestudi\u00f3s c\u00f3n la calidad educativa centrada en val\u00f3res humanistas.<br \/>\nSubray\u00f3 que la UAT cuenta c\u00f3n el 96.2 % de sus pr\u00f3gramas de licenciatura<br \/>\ncertificad\u00f3s, adema s de cuatr\u00f3 centr\u00f3s de idi\u00f3mas y d\u00f3s bibli\u00f3tecas centrales, cuy\u00f3s<br \/>\nl\u00f3gr\u00f3s la destacan c\u00f3m\u00f3 la instituci\u00f3 n de may\u00f3r relevancia en Tamaulipas.<br \/>\nP\u00f3r parte del C\u00f3mite de Ciencias S\u00f3ciales y Administrativas de l\u00f3s C\u00f3mite s<br \/>\nInterinstituci\u00f3nales para la Evaluaci\u00f3 n de la Educaci\u00f3 n Superi\u00f3r (CIEES), representad\u00f3<br \/>\np\u00f3r su v\u00f3cal ejecutiv\u00f3, el Dr. J\u00f3se Albert\u00f3 Gayta n Garc\u00ed a, se entregar\u00f3n las c\u00f3nstancias<br \/>\nde acreditaci\u00f3 n a l\u00f3s siguientes pr\u00f3gramas de licenciatura: C\u00f3ntad\u00f3r Pu blic\u00f3 y<br \/>\nAdministraci\u00f3 n de la Facultad de C\u00f3merci\u00f3 y Administraci\u00f3 n Tampic\u00f3; Atenci\u00f3 n al<br \/>\nDesarr\u00f3ll\u00f3 y Bienestar Infantil y de Hist\u00f3ria y Gesti\u00f3 n del Patrim\u00f3ni\u00f3 Cultural de la<br \/>\nFacultad de Ciencias de la Educaci\u00f3 n y Humanidades; y a la Licenciatura en Seguridad,<br \/>\nSalud y Medi\u00f3 Ambiente de la Unidad Acade mica Multidisciplinaria Matam\u00f3r\u00f3s.<br \/>\nAsimism\u00f3, el Dr. Miguel A ngel R\u00f3mer\u00f3 Ogawa, direct\u00f3r acade mic\u00f3 del C\u00f3nsej\u00f3 de<br \/>\nAcreditaci\u00f3 n de la Ensen anza de la Ingenier\u00ed a (CACEI), entreg\u00f3 las acreditaci\u00f3nes a l\u00f3s<br \/>\npr\u00f3gramas de: Ingenier\u00ed a Civil, Ingenier\u00ed a Industrial y de Sistemas, e Ingenier\u00ed a en<br \/>\nSistemas C\u00f3mputaci\u00f3nales de la Facultad de Ingenier\u00ed a Tampic\u00f3.<br \/>\nDe igual manera, la Dra. Irma L\u00f3rena Zald\u00ed var Bribiesca, presidenta del C\u00f3nsej\u00f3 de<br \/>\nAcreditaci\u00f3 n de la C\u00f3municaci\u00f3 n y las Ciencias S\u00f3ciales, A. C. (CONAC), entreg\u00f3<br \/>\ncertificad\u00f3s a las Bibli\u00f3tecas Centrales de Tampic\u00f3 y Vict\u00f3ria, as\u00ed c\u00f3m\u00f3 al CeINA.<br \/>\nEn la cerem\u00f3nia se c\u00f3nt\u00f3 c\u00f3n la presencia de direct\u00f3res y direct\u00f3ras de las<br \/>\nfacultades, unidades acade micas y dependencias universitarias, funci\u00f3nari\u00f3s de la<br \/>\nRect\u00f3r\u00ed a y aut\u00f3ridades de Familia UAT.<\/p>\n","protected":false},"excerpt":{"rendered":"La Universidad Aut\u00f3 n\u00f3ma de Tamaulipas (UAT) recibi\u00f3 c\u00f3nstancias de acreditaci\u00f3 n de calidad para \u00f3ch\u00f3 de sus pr\u00f3gramas educativ\u00f3s, as\u00ed c\u00f3m\u00f3 certificaci\u00f3nes de calidad para sus bibli\u00f3tecas centrales y el Centr\u00f3 de Idi\u00f3mas para la Nin ez y la Ad\u00f3lescencia (CeINA). El MVZ Da mas\u00f3 Anaya Alvarad\u00f3, rect\u00f3r de la UAT, junt\u00f3 a representantes","protected":false},"author":1,"featured_media":2638,"comment_status":"open","ping_status":"open","sticky":false,"template":"","format":"standard","meta":{"_monsterinsights_skip_tracking":false,"_monsterinsights_sitenote_active":false,"_monsterinsights_sitenote_note":"","_monsterinsights_sitenote_category":0,"footnotes":""},"categories":[3],"tags":[],"class_list":["post-2637","post","type-post","status-publish","format-standard","has-post-thumbnail","hentry","category-noticias"],"aioseo_notices":[],"amp_enabled":true,"_links":{"self":[{"href":"https:\/\/tamaulipasmiregion.com\/index.php?rest_route=\/wp\/v2\/posts\/2637","targetHints":{"allow":["GET"]}}],"collection":[{"href":"https:\/\/tamaulipasmiregion.com\/index.php?rest_route=\/wp\/v2\/posts"}],"about":[{"href":"https:\/\/tamaulipasmiregion.com\/index.php?rest_route=\/wp\/v2\/types\/post"}],"author":[{"embeddable":true,"href":"https:\/\/tamaulipasmiregion.com\/index.php?rest_route=\/wp\/v2\/users\/1"}],"replies":[{"embeddable":true,"href":"https:\/\/tamaulipasmiregion.com\/index.php?rest_route=%2Fwp%2Fv2%2Fcomments&post=2637"}],"version-history":[{"count":1,"href":"https:\/\/tamaulipasmiregion.com\/index.php?rest_route=\/wp\/v2\/posts\/2637\/revisions"}],"predecessor-version":[{"id":2639,"href":"https:\/\/tamaulipasmiregion.com\/index.php?rest_route=\/wp\/v2\/posts\/2637\/revisions\/2639"}],"wp:featuredmedia":[{"embeddable":true,"href":"https:\/\/tamaulipasmiregion.com\/index.php?rest_route=\/wp\/v2\/media\/2638"}],"wp:attachment":[{"href":"https:\/\/tamaulipasmiregion.com\/index.php?rest_route=%2Fwp%2Fv2%2Fmedia&parent=2637"}],"wp:term":[{"taxonomy":"category","embeddable":true,"href":"https:\/\/tamaulipasmiregion.com\/index.php?rest_route=%2Fwp%2Fv2%2Fcategories&post=2637"},{"taxonomy":"post_tag","embeddable":true,"href":"https:\/\/tamaulipasmiregion.com\/index.php?rest_route=%2Fwp%2Fv2%2Ftags&post=2637"}],"curies":[{"name":"wp","href":"https:\/\/api.w.org\/{rel}","templated":true}]}}