{"id":2649,"date":"2024-09-23T01:54:00","date_gmt":"2024-09-23T01:54:00","guid":{"rendered":"https:\/\/tamaulipasmiregion.com\/?p=2649"},"modified":"2024-09-24T01:54:56","modified_gmt":"2024-09-24T01:54:56","slug":"inaugura-el-rector-de-la-uat-conferencias-y-talleres-sobre-ciberseguridad","status":"publish","type":"post","link":"https:\/\/tamaulipasmiregion.com\/?p=2649","title":{"rendered":"Inaugura el rector de la UAT conferencias y talleres sobre ciberseguridad"},"content":{"rendered":"<p>La Universidad Aut\u00f3 n\u00f3ma de Tamaulipas (UAT) mantiene firme el c\u00f3mpr\u00f3mis\u00f3 de<br \/>\n\u00f3frecerle a su c\u00f3munidad universitaria t\u00f3das las ventajas del us\u00f3 de las tecn\u00f3l\u00f3g\u00ed as de<br \/>\nla inf\u00f3rmaci\u00f3 n, per\u00f3 tambie n de brindarle t\u00f3das las herramientas para que su ent\u00f3rn\u00f3<br \/>\ndigital sea un espaci\u00f3 segur\u00f3, pr\u00f3tegid\u00f3 y pr\u00f3ductiv\u00f3, afirm\u00f3 el rect\u00f3r Da mas\u00f3 Anaya<br \/>\nAlvarad\u00f3.<br \/>\nAl p\u00f3ner en marcha la Sexta Semana de Ciberseguridad den\u00f3minada \u201cPr\u00f3te gete de<br \/>\nl\u00f3s peligr\u00f3s de Internet\u201d, que c\u00f3mprende talleres y c\u00f3nferencias presenciales y virtuales<br \/>\ndel 23 al 27 de septiembre, el MVZ Da mas\u00f3 Anaya subray\u00f3 que la UAT trabaja c\u00f3n<br \/>\nresp\u00f3nsabilidad y visi\u00f3 n para garantizar que Internet, ma s alla de l\u00f3s peligr\u00f3s que<br \/>\npueda representar, sea una plataf\u00f3rma de desarr\u00f3ll\u00f3 y crecimient\u00f3 para t\u00f3da la<br \/>\nc\u00f3munidad universitaria.<br \/>\nEn el event\u00f3 de apertura celebrad\u00f3 en el Gimnasi\u00f3 Multidisciplinari\u00f3 del Campus<br \/>\nVict\u00f3ria, ante cient\u00f3s de estudiantes de las facultades y unidades acade micas, as\u00ed c\u00f3m\u00f3<br \/>\nd\u00f3centes, funci\u00f3nari\u00f3s, pers\u00f3nal directiv\u00f3 y administrativ\u00f3 de la UAT, el rect\u00f3r destac\u00f3<br \/>\nque este encuentr\u00f3 es una vali\u00f3sa \u00f3p\u00f3rtunidad para seguirse preparand\u00f3 en l\u00f3s temas<br \/>\nde la ciberseguridad y el us\u00f3 resp\u00f3nsable del manej\u00f3 de dat\u00f3s e inf\u00f3rmaci\u00f3 n.<br \/>\nAgradeci\u00f3 a la As\u00f3ciaci\u00f3 n Naci\u00f3nal de Universidades e Instituci\u00f3nes de Educaci\u00f3 n<br \/>\nSuperi\u00f3r (ANUIES) p\u00f3r ap\u00f3yar el f\u00f3rtalecimient\u00f3 tecn\u00f3l\u00f3 gic\u00f3 y la c\u00f3lab\u00f3raci\u00f3 n entre las<br \/>\nuniversidades para enfrentar junt\u00f3s l\u00f3s ret\u00f3s del ent\u00f3rn\u00f3 digital.<br \/>\nAn adi\u00f3 que h\u00f3y ma s que nunca es crucial que la c\u00f3munidad universitaria este<br \/>\nplenamente c\u00f3nsciente y educada de l\u00f3s peligr\u00f3s que existen en el ciberespaci\u00f3, y t\u00f3mar<br \/>\nlas medidas preventivas para pr\u00f3teger la inf\u00f3rmaci\u00f3 n.<br \/>\nEn la cerem\u00f3nia inaugural, particip\u00f3 p\u00f3r vide\u00f3c\u00f3nferencia el Mtr\u00f3. J\u00f3se Luis P\u00f3nce<br \/>\nL\u00f3 pez, direct\u00f3r de Tecn\u00f3l\u00f3g\u00ed as de la Inf\u00f3rmaci\u00f3 n y C\u00f3municaci\u00f3 n de la ANUIES, quien<br \/>\nrec\u00f3n\u00f3ci\u00f3 a la UAT p\u00f3r estar a la vanguardia en est\u00f3s temas y mantener actualizada a su<br \/>\nc\u00f3munidad universitaria.<\/p>\n","protected":false},"excerpt":{"rendered":"La Universidad Aut\u00f3 n\u00f3ma de Tamaulipas (UAT) mantiene firme el c\u00f3mpr\u00f3mis\u00f3 de \u00f3frecerle a su c\u00f3munidad universitaria t\u00f3das las ventajas del us\u00f3 de las tecn\u00f3l\u00f3g\u00ed as de la inf\u00f3rmaci\u00f3 n, per\u00f3 tambie n de brindarle t\u00f3das las herramientas para que su ent\u00f3rn\u00f3 digital sea un espaci\u00f3 segur\u00f3, pr\u00f3tegid\u00f3 y pr\u00f3ductiv\u00f3, afirm\u00f3 el rect\u00f3r Da mas\u00f3","protected":false},"author":1,"featured_media":2650,"comment_status":"open","ping_status":"open","sticky":false,"template":"","format":"standard","meta":{"_monsterinsights_skip_tracking":false,"_monsterinsights_sitenote_active":false,"_monsterinsights_sitenote_note":"","_monsterinsights_sitenote_category":0,"footnotes":""},"categories":[3],"tags":[],"class_list":["post-2649","post","type-post","status-publish","format-standard","has-post-thumbnail","hentry","category-noticias"],"aioseo_notices":[],"amp_enabled":true,"_links":{"self":[{"href":"https:\/\/tamaulipasmiregion.com\/index.php?rest_route=\/wp\/v2\/posts\/2649","targetHints":{"allow":["GET"]}}],"collection":[{"href":"https:\/\/tamaulipasmiregion.com\/index.php?rest_route=\/wp\/v2\/posts"}],"about":[{"href":"https:\/\/tamaulipasmiregion.com\/index.php?rest_route=\/wp\/v2\/types\/post"}],"author":[{"embeddable":true,"href":"https:\/\/tamaulipasmiregion.com\/index.php?rest_route=\/wp\/v2\/users\/1"}],"replies":[{"embeddable":true,"href":"https:\/\/tamaulipasmiregion.com\/index.php?rest_route=%2Fwp%2Fv2%2Fcomments&post=2649"}],"version-history":[{"count":1,"href":"https:\/\/tamaulipasmiregion.com\/index.php?rest_route=\/wp\/v2\/posts\/2649\/revisions"}],"predecessor-version":[{"id":2651,"href":"https:\/\/tamaulipasmiregion.com\/index.php?rest_route=\/wp\/v2\/posts\/2649\/revisions\/2651"}],"wp:featuredmedia":[{"embeddable":true,"href":"https:\/\/tamaulipasmiregion.com\/index.php?rest_route=\/wp\/v2\/media\/2650"}],"wp:attachment":[{"href":"https:\/\/tamaulipasmiregion.com\/index.php?rest_route=%2Fwp%2Fv2%2Fmedia&parent=2649"}],"wp:term":[{"taxonomy":"category","embeddable":true,"href":"https:\/\/tamaulipasmiregion.com\/index.php?rest_route=%2Fwp%2Fv2%2Fcategories&post=2649"},{"taxonomy":"post_tag","embeddable":true,"href":"https:\/\/tamaulipasmiregion.com\/index.php?rest_route=%2Fwp%2Fv2%2Ftags&post=2649"}],"curies":[{"name":"wp","href":"https:\/\/api.w.org\/{rel}","templated":true}]}}