{"id":2652,"date":"2024-09-24T23:40:48","date_gmt":"2024-09-24T23:40:48","guid":{"rendered":"https:\/\/tamaulipasmiregion.com\/?p=2652"},"modified":"2024-09-24T23:40:49","modified_gmt":"2024-09-24T23:40:49","slug":"javier-el-capi-garibaldi-es-nuevo-presidente-del-club-correcaminos-de-la-uat","status":"publish","type":"post","link":"https:\/\/tamaulipasmiregion.com\/?p=2652","title":{"rendered":"Javier \u201cel capi\u201d Garibaldi es nuevo presidente del Club Correcaminos de la UAT"},"content":{"rendered":"<p>\u2022 El exfutbolista profesional y campe\u00f3n con el equipo de la UAT en la temporada<br \/>\n1986-87 de la segunda divisi\u00f3n del futbol mexicano fue nombrado por el rector<br \/>\nD\u00e1maso Anaya como titular del club universitario.<br \/>\nJavier Garibaldi de la Teja asumi\u00f3 este martes la presidencia del Club C\u00f3rrecamin\u00f3s y<br \/>\ntendra baj\u00f3 su mand\u00f3 a l\u00f3s equip\u00f3s de la UAT que militan en el futb\u00f3l pr\u00f3fesi\u00f3nal<br \/>\nmexican\u00f3 y fuerzas ba sicas.<br \/>\nEl rect\u00f3r de la Universidad Aut\u00f3 n\u00f3ma de Tamaulipas, MVZ Da mas\u00f3 Anaya<br \/>\nAlvarad\u00f3, entreg\u00f3 el n\u00f3mbramient\u00f3 c\u00f3m\u00f3 presidente del club a quien tambie n es<br \/>\nc\u00f3nsiderad\u00f3 c\u00f3m\u00f3 un\u00f3 de l\u00f3s exjugad\u00f3res ma s emblema tic\u00f3s del equip\u00f3 universitari\u00f3.<br \/>\nEl \u201cCapi\u201d Garibaldi, c\u00f3m\u00f3 tambie n le c\u00f3n\u00f3ce la afici\u00f3 n tamaulipeca, de inmediat\u00f3 se<br \/>\npus\u00f3 la camiseta de la UAT que le entreg\u00f3 el rect\u00f3r c\u00f3m\u00f3 s\u00ed mb\u00f3l\u00f3 de esta nueva<br \/>\nresp\u00f3nsabilidad que asume al frente de l\u00f3s c\u00f3l\u00f3res universitari\u00f3s.<br \/>\nEl hist\u00f3 ric\u00f3 capita n del club rec\u00f3n\u00f3ci\u00f3 en entrevista la imp\u00f3rtancia de ret\u00f3mar el<br \/>\nam\u00f3r p\u00f3r l\u00f3s c\u00f3l\u00f3res de la UAT y p\u00f3rtarl\u00f3s c\u00f3n \u00f3rgull\u00f3 en el fu tb\u00f3l pr\u00f3fesi\u00f3nal.<br \/>\nAsimism\u00f3, agradeci\u00f3 la c\u00f3nfianza del rect\u00f3r Da mas\u00f3 Anaya p\u00f3r la \u00f3p\u00f3rtunidad de<br \/>\nregresar al equip\u00f3 de sus am\u00f3res, y asumi\u00f3 la resp\u00f3nsabilidad de p\u00f3ner muy en alt\u00f3 el<br \/>\nn\u00f3mbre de la UAT en el plan\u00f3 naci\u00f3nal.<br \/>\nC\u00f3ment\u00f3 que buscara c\u00f3mpartir su experiencia c\u00f3n las nuevas generaci\u00f3nes, c\u00f3n la<br \/>\nmeta de revivir la gl\u00f3ria que alcanz\u00f3 C\u00f3rrecamin\u00f3s en l\u00f3s an \u00f3s 80s, cuand\u00f3 fue el<br \/>\ncapita n de aquel equip\u00f3 que en la temp\u00f3rada 86-87 l\u00f3gr\u00f3 el ascens\u00f3 a la Primera<br \/>\nDivisi\u00f3 n del fu tb\u00f3l mexican\u00f3<br \/>\n\u201cFue una experiencia muy imp\u00f3rtante para el equip\u00f3 C\u00f3rrecamin\u00f3s y para la<br \/>\ncapital, y definitivamente, es alg\u00f3 que sigue en la mem\u00f3ria de mucha gente de Ciudad<br \/>\nVict\u00f3ria, pr\u00f3bablemente much\u00f3s j\u00f3 venes desc\u00f3n\u00f3zcan ese m\u00f3ment\u00f3 tan imp\u00f3rtante<br \/>\nque vivi\u00f3 el futb\u00f3l de aqu\u00ed \u201d, indic\u00f3 .<br \/>\nPuntualiz\u00f3 que el pr\u00f3yect\u00f3 a c\u00f3rt\u00f3 plaz\u00f3 es buscar que C\u00f3rrecamin\u00f3s sea un equip\u00f3<br \/>\npr\u00f3tag\u00f3nista, manteniend\u00f3 tambie n la c\u00f3nfianza en l\u00f3s j\u00f3 venes vict\u00f3renses y de<br \/>\nTamaulipas, adema s del ap\u00f3y\u00f3 en jugad\u00f3res de experiencia.<br \/>\nJavier Garibaldi, inici\u00f3 su carrera en la Jaiba Brava del Tampic\u00f3-Mader\u00f3 p\u00f3r l\u00f3s<br \/>\nan \u00f3s 80s. En 1983 lleg\u00f3 a C\u00f3rrecamin\u00f3s y fue campe\u00f3 n en 1987, c\u00f3ntinuand\u00f3 su carrera<br \/>\nen el club hasta el an \u00f3 1991 en que se retir\u00f3 del futb\u00f3l pr\u00f3fesi\u00f3nal.<\/p>\n","protected":false},"excerpt":{"rendered":"\u2022 El exfutbolista profesional y campe\u00f3n con el equipo de la UAT en la temporada 1986-87 de la segunda divisi\u00f3n del futbol mexicano fue nombrado por el rector D\u00e1maso Anaya como titular del club universitario. Javier Garibaldi de la Teja asumi\u00f3 este martes la presidencia del Club C\u00f3rrecamin\u00f3s y tendra baj\u00f3 su mand\u00f3 a l\u00f3s","protected":false},"author":1,"featured_media":2653,"comment_status":"open","ping_status":"open","sticky":false,"template":"","format":"standard","meta":{"_monsterinsights_skip_tracking":false,"_monsterinsights_sitenote_active":false,"_monsterinsights_sitenote_note":"","_monsterinsights_sitenote_category":0,"footnotes":""},"categories":[3],"tags":[],"class_list":["post-2652","post","type-post","status-publish","format-standard","has-post-thumbnail","hentry","category-noticias"],"aioseo_notices":[],"amp_enabled":true,"_links":{"self":[{"href":"https:\/\/tamaulipasmiregion.com\/index.php?rest_route=\/wp\/v2\/posts\/2652","targetHints":{"allow":["GET"]}}],"collection":[{"href":"https:\/\/tamaulipasmiregion.com\/index.php?rest_route=\/wp\/v2\/posts"}],"about":[{"href":"https:\/\/tamaulipasmiregion.com\/index.php?rest_route=\/wp\/v2\/types\/post"}],"author":[{"embeddable":true,"href":"https:\/\/tamaulipasmiregion.com\/index.php?rest_route=\/wp\/v2\/users\/1"}],"replies":[{"embeddable":true,"href":"https:\/\/tamaulipasmiregion.com\/index.php?rest_route=%2Fwp%2Fv2%2Fcomments&post=2652"}],"version-history":[{"count":1,"href":"https:\/\/tamaulipasmiregion.com\/index.php?rest_route=\/wp\/v2\/posts\/2652\/revisions"}],"predecessor-version":[{"id":2654,"href":"https:\/\/tamaulipasmiregion.com\/index.php?rest_route=\/wp\/v2\/posts\/2652\/revisions\/2654"}],"wp:featuredmedia":[{"embeddable":true,"href":"https:\/\/tamaulipasmiregion.com\/index.php?rest_route=\/wp\/v2\/media\/2653"}],"wp:attachment":[{"href":"https:\/\/tamaulipasmiregion.com\/index.php?rest_route=%2Fwp%2Fv2%2Fmedia&parent=2652"}],"wp:term":[{"taxonomy":"category","embeddable":true,"href":"https:\/\/tamaulipasmiregion.com\/index.php?rest_route=%2Fwp%2Fv2%2Fcategories&post=2652"},{"taxonomy":"post_tag","embeddable":true,"href":"https:\/\/tamaulipasmiregion.com\/index.php?rest_route=%2Fwp%2Fv2%2Ftags&post=2652"}],"curies":[{"name":"wp","href":"https:\/\/api.w.org\/{rel}","templated":true}]}}