{"id":2662,"date":"2024-09-28T00:30:58","date_gmt":"2024-09-28T00:30:58","guid":{"rendered":"https:\/\/tamaulipasmiregion.com\/?p=2662"},"modified":"2024-09-28T00:31:00","modified_gmt":"2024-09-28T00:31:00","slug":"impartira-la-uat-maestria-y-diplomados-en-derecho-municipal-y-parlamentario","status":"publish","type":"post","link":"https:\/\/tamaulipasmiregion.com\/?p=2662","title":{"rendered":"Impartir\u00e1 la UAT maestr\u00eda y diplomados en derecho municipal y parlamentario"},"content":{"rendered":"<p>La Universidad Aut\u00f3noma de Tamaulipas (UAT) abrir\u00e1 el programa de Maestr\u00eda en Derecho con \u00c9nfasis en Derecho Municipal y Parlamentario, junto con dos programas de diplomados especializados en estas mismas \u00e1reas.<br \/>\n       Los programas son ofrecidos a trav\u00e9s de la Secretar\u00eda de Investigaci\u00f3n y Posgrado y la Facultad de Derecho y Ciencias Sociales Victoria, con el objetivo de capacitar a servidores p\u00fablicos y profesionistas en la gesti\u00f3n de pol\u00edticas p\u00fablicas y el ejercicio de la funci\u00f3n legislativa.<br \/>\n       Al respecto, el Dr. Fernando Leal R\u00edos, secretario de Investigaci\u00f3n y Posgrado de la UAT, destac\u00f3 que, en l\u00ednea con la visi\u00f3n del rector D\u00e1maso Anaya Alvarado, estos nuevos programas est\u00e1n enfocados en la formaci\u00f3n de los legisladores y regidores que asumen funciones a partir de este mes de octubre.<br \/>\n        Resalt\u00f3 tambi\u00e9n la sinergia de la UAT con el Gobierno del Estado, lo que le permite a la casa de estudios aportar su experiencia acad\u00e9mica en la formaci\u00f3n y capacitaci\u00f3n de servidores p\u00fablicos.<br \/>\n      La maestr\u00eda est\u00e1 dise\u00f1ada para servidores p\u00fablicos municipales y legisladores del Congreso del Estado de Tamaulipas, as\u00ed como para profesionistas de \u00e1reas afines, con el fin de formar expertos con conocimientos en administraci\u00f3n, pol\u00edticas p\u00fablicas y derecho constitucional, capacit\u00e1ndolos para gestionar e implementar pol\u00edticas p\u00fablicas y desarrollar iniciativas de ley en el \u00e1mbito jur\u00eddico municipal y parlamentario.<br \/>\n    El proceso de recepci\u00f3n de documentos para la maestr\u00eda se iniciar\u00e1 el 14 de octubre, y las clases comenzar\u00e1n en enero de 2025, en modalidad mixta.<br \/>\n       En complemento, la UAT tambi\u00e9n ofrece dos diplomados: en Derecho Municipal y Derecho Parlamentario, que empezar\u00e1n el 14 de octubre de 2024.<br \/>\n       Estos diplomados ofrecer\u00e1n una formaci\u00f3n inicial para personas interesadas en profundizar sus conocimientos en estas \u00e1reas. Para m\u00e1s informaci\u00f3n, contactar a la Divisi\u00f3n de Estudios de Posgrado e Investigaci\u00f3n de la Facultad de Derecho y Ciencias Sociales Victoria, llamando al tel\u00e9fono 834 318 1800, extensi\u00f3n 2709, o enviando un correo electr\u00f3nico a posgradofdcsv@uat.edu.mx.<\/p>\n","protected":false},"excerpt":{"rendered":"La Universidad Aut\u00f3noma de Tamaulipas (UAT) abrir\u00e1 el programa de Maestr\u00eda en Derecho con \u00c9nfasis en Derecho Municipal y Parlamentario, junto con dos programas de diplomados especializados en estas mismas \u00e1reas. Los programas son ofrecidos a trav\u00e9s de la Secretar\u00eda de Investigaci\u00f3n y Posgrado y la Facultad de Derecho y Ciencias Sociales Victoria, con el","protected":false},"author":1,"featured_media":2663,"comment_status":"open","ping_status":"open","sticky":false,"template":"","format":"standard","meta":{"_monsterinsights_skip_tracking":false,"_monsterinsights_sitenote_active":false,"_monsterinsights_sitenote_note":"","_monsterinsights_sitenote_category":0,"footnotes":""},"categories":[3],"tags":[],"class_list":["post-2662","post","type-post","status-publish","format-standard","has-post-thumbnail","hentry","category-noticias"],"aioseo_notices":[],"amp_enabled":true,"_links":{"self":[{"href":"https:\/\/tamaulipasmiregion.com\/index.php?rest_route=\/wp\/v2\/posts\/2662","targetHints":{"allow":["GET"]}}],"collection":[{"href":"https:\/\/tamaulipasmiregion.com\/index.php?rest_route=\/wp\/v2\/posts"}],"about":[{"href":"https:\/\/tamaulipasmiregion.com\/index.php?rest_route=\/wp\/v2\/types\/post"}],"author":[{"embeddable":true,"href":"https:\/\/tamaulipasmiregion.com\/index.php?rest_route=\/wp\/v2\/users\/1"}],"replies":[{"embeddable":true,"href":"https:\/\/tamaulipasmiregion.com\/index.php?rest_route=%2Fwp%2Fv2%2Fcomments&post=2662"}],"version-history":[{"count":2,"href":"https:\/\/tamaulipasmiregion.com\/index.php?rest_route=\/wp\/v2\/posts\/2662\/revisions"}],"predecessor-version":[{"id":2665,"href":"https:\/\/tamaulipasmiregion.com\/index.php?rest_route=\/wp\/v2\/posts\/2662\/revisions\/2665"}],"wp:featuredmedia":[{"embeddable":true,"href":"https:\/\/tamaulipasmiregion.com\/index.php?rest_route=\/wp\/v2\/media\/2663"}],"wp:attachment":[{"href":"https:\/\/tamaulipasmiregion.com\/index.php?rest_route=%2Fwp%2Fv2%2Fmedia&parent=2662"}],"wp:term":[{"taxonomy":"category","embeddable":true,"href":"https:\/\/tamaulipasmiregion.com\/index.php?rest_route=%2Fwp%2Fv2%2Fcategories&post=2662"},{"taxonomy":"post_tag","embeddable":true,"href":"https:\/\/tamaulipasmiregion.com\/index.php?rest_route=%2Fwp%2Fv2%2Ftags&post=2662"}],"curies":[{"name":"wp","href":"https:\/\/api.w.org\/{rel}","templated":true}]}}