{"id":2711,"date":"2024-10-10T01:39:29","date_gmt":"2024-10-10T01:39:29","guid":{"rendered":"https:\/\/tamaulipasmiregion.com\/?p=2711"},"modified":"2024-10-15T01:43:29","modified_gmt":"2024-10-15T01:43:29","slug":"abre-la-uat-inscripciones-para-ingresar-a-la-preparatoria-nuevo-laredo","status":"publish","type":"post","link":"https:\/\/tamaulipasmiregion.com\/?p=2711","title":{"rendered":"Abre la UAT inscripciones para ingresar a la Preparatoria Nuevo Laredo"},"content":{"rendered":"<p>La Universidad Aut\u00f3 n\u00f3ma de Tamaulipas (UAT) ha dad\u00f3 inici\u00f3 al pr\u00f3ces\u00f3 de<br \/>\ninscripci\u00f3nes para su preparat\u00f3ria en Nuev\u00f3 Lared\u00f3, una iniciativa disen ada para<br \/>\natender la creciente demanda educativa y \u00f3frecer educaci\u00f3 n de calidad a l\u00f3s j\u00f3 venes de<br \/>\nla regi\u00f3 n.<br \/>\nDesde el 7 de \u00f3ctubre, l\u00f3s aspirantes a ingresar al primer semestre y a la primera<br \/>\ngeneraci\u00f3 n de la Preparat\u00f3ria UAT Nuev\u00f3 Lared\u00f3 han iniciad\u00f3 su registr\u00f3 en este<br \/>\nplantel, disen ad\u00f3 para beneficiar a estudiantes en un espaci\u00f3 inn\u00f3vad\u00f3r y<br \/>\nc\u00f3mpr\u00f3metid\u00f3 c\u00f3n el medi\u00f3ambiente.<br \/>\nDurante este mes, quienes deseen ingresar a esta instituci\u00f3 n pueden acercarse a<br \/>\nla Facultad de C\u00f3merci\u00f3, Administraci\u00f3 n y Ciencias S\u00f3ciales Nuev\u00f3 Lared\u00f3 de la UAT,<br \/>\nd\u00f3nde esta n recibiend\u00f3 l\u00f3s d\u00f3cument\u00f3s f\u00ed sic\u00f3s \u00f3 digitales necesari\u00f3s para el registr\u00f3,<br \/>\nque incluyen: acta de nacimient\u00f3, CURP del aspirante y de sus tut\u00f3res, y certificad\u00f3 de<br \/>\nsecundaria \u00f3 c\u00f3nstancia de culminaci\u00f3 n de estudi\u00f3s de secundaria.<br \/>\nLas inscripci\u00f3nes esta n abiertas de lunes a viernes de 9:00 de la man ana a 6:00 de<br \/>\nla tarde. Las pers\u00f3nas interesadas pueden c\u00f3municarse directamente al tele f\u00f3n\u00f3 867<br \/>\n711 1301, extensi\u00f3 n 4500, d\u00f3nde les brindara n inf\u00f3rmaci\u00f3 n y \u00f3rientaci\u00f3 n.<br \/>\nLa apertura de este nuev\u00f3 centr\u00f3 acade mic\u00f3 representa un avance significativ\u00f3 en<br \/>\nla \u00f3ferta educativa de la UAT, y reafirma el c\u00f3mpr\u00f3mis\u00f3 instituci\u00f3nal c\u00f3n el bienestar y<br \/>\ndesarr\u00f3ll\u00f3 de la juventud de esta regi\u00f3 n fr\u00f3nteriza.<br \/>\nLa nueva preparat\u00f3ria de la UAT, ubicada en el sur de la ciudad, es la primera<br \/>\ninstituci\u00f3 n aut\u00f3sustentable en la regi\u00f3 n, que cuenta c\u00f3n m\u00f3dernas instalaci\u00f3nes que<br \/>\nincluyen un sistema de paneles s\u00f3lares para generar energ\u00ed a ele ctrica y un sistema de<br \/>\ntratamient\u00f3 de aguas residuales.<br \/>\nEn su infraestructura disp\u00f3ne de d\u00f3ce aulas, lab\u00f3rat\u00f3ri\u00f3s equipad\u00f3s c\u00f3n<br \/>\ntecn\u00f3l\u00f3g\u00ed a de vanguardia, as\u00ed c\u00f3m\u00f3 un edifici\u00f3 administrativ\u00f3, canchas de us\u00f3s<br \/>\nmu ltiples, canchas dep\u00f3rtivas y \u00f3tras areas.<\/p>\n","protected":false},"excerpt":{"rendered":"La Universidad Aut\u00f3 n\u00f3ma de Tamaulipas (UAT) ha dad\u00f3 inici\u00f3 al pr\u00f3ces\u00f3 de inscripci\u00f3nes para su preparat\u00f3ria en Nuev\u00f3 Lared\u00f3, una iniciativa disen ada para atender la creciente demanda educativa y \u00f3frecer educaci\u00f3 n de calidad a l\u00f3s j\u00f3 venes de la regi\u00f3 n. Desde el 7 de \u00f3ctubre, l\u00f3s aspirantes a ingresar al primer","protected":false},"author":1,"featured_media":2712,"comment_status":"open","ping_status":"open","sticky":false,"template":"","format":"standard","meta":{"_monsterinsights_skip_tracking":false,"_monsterinsights_sitenote_active":false,"_monsterinsights_sitenote_note":"","_monsterinsights_sitenote_category":0,"footnotes":""},"categories":[3],"tags":[],"class_list":["post-2711","post","type-post","status-publish","format-standard","has-post-thumbnail","hentry","category-noticias"],"aioseo_notices":[],"amp_enabled":true,"_links":{"self":[{"href":"https:\/\/tamaulipasmiregion.com\/index.php?rest_route=\/wp\/v2\/posts\/2711","targetHints":{"allow":["GET"]}}],"collection":[{"href":"https:\/\/tamaulipasmiregion.com\/index.php?rest_route=\/wp\/v2\/posts"}],"about":[{"href":"https:\/\/tamaulipasmiregion.com\/index.php?rest_route=\/wp\/v2\/types\/post"}],"author":[{"embeddable":true,"href":"https:\/\/tamaulipasmiregion.com\/index.php?rest_route=\/wp\/v2\/users\/1"}],"replies":[{"embeddable":true,"href":"https:\/\/tamaulipasmiregion.com\/index.php?rest_route=%2Fwp%2Fv2%2Fcomments&post=2711"}],"version-history":[{"count":1,"href":"https:\/\/tamaulipasmiregion.com\/index.php?rest_route=\/wp\/v2\/posts\/2711\/revisions"}],"predecessor-version":[{"id":2713,"href":"https:\/\/tamaulipasmiregion.com\/index.php?rest_route=\/wp\/v2\/posts\/2711\/revisions\/2713"}],"wp:featuredmedia":[{"embeddable":true,"href":"https:\/\/tamaulipasmiregion.com\/index.php?rest_route=\/wp\/v2\/media\/2712"}],"wp:attachment":[{"href":"https:\/\/tamaulipasmiregion.com\/index.php?rest_route=%2Fwp%2Fv2%2Fmedia&parent=2711"}],"wp:term":[{"taxonomy":"category","embeddable":true,"href":"https:\/\/tamaulipasmiregion.com\/index.php?rest_route=%2Fwp%2Fv2%2Fcategories&post=2711"},{"taxonomy":"post_tag","embeddable":true,"href":"https:\/\/tamaulipasmiregion.com\/index.php?rest_route=%2Fwp%2Fv2%2Ftags&post=2711"}],"curies":[{"name":"wp","href":"https:\/\/api.w.org\/{rel}","templated":true}]}}