{"id":2724,"date":"2024-10-13T22:29:37","date_gmt":"2024-10-13T22:29:37","guid":{"rendered":"https:\/\/tamaulipasmiregion.com\/?p=2724"},"modified":"2024-10-15T22:30:41","modified_gmt":"2024-10-15T22:30:41","slug":"prepara-la-uat-en-nuevo-laredo-el-congreso-internacional-de-enfermeria","status":"publish","type":"post","link":"https:\/\/tamaulipasmiregion.com\/?p=2724","title":{"rendered":"Prepara la UAT en Nuevo Laredo el Congreso Internacional de Enfermer\u00eda"},"content":{"rendered":"<p>\u2022 Tiene por objetivo impulsar la formaci\u00f3n de l\u00edderes en innovaci\u00f3n y cuidado<br \/>\nintegral de la salud de las personas.<br \/>\nLa Universidad Auto noma de Tamaulipas (UAT) reafirma su compromiso con la<br \/>\nformacio n de l\u00ed deres en el cuidado de la salud al organizar el IV Congreso Internacional<br \/>\nde Enfermer\u00ed a, cuya tema tica central es la innovacio n en la investigacio n, promocio n y<br \/>\ncuidado de la salud.<br \/>\nEste evento, que se llevara a cabo del 4 al 6 de noviembre, es organizado por la<br \/>\nFacultad de Enfermer\u00ed a Nuevo Laredo (FENL) en el marco del sexage simo aniversario<br \/>\nde su fundacio n, y resalta con ello su trayectoria en la formacio n de profesionales<br \/>\naltamente capacitados en el a mbito de la salud en esta regio n fronteriza.<br \/>\nEl programa incluira una variedad de actividades, tales como talleres, foros,<br \/>\nconferencias, presentaciones y ponencias, las cuales sera n impartidas por destacados<br \/>\nponentes de universidades e institutos de investigacio n del pa\u00ed s, as\u00ed como del<br \/>\nextranjero.<br \/>\nCon la creacio n de este espacio acade mico, la UAT no solo busca enriquecer el<br \/>\nconocimiento y experiencia de quienes asistan, sino tambie n disponer de un espacio<br \/>\nque les permita establecer conexiones valiosas con profesionales del a rea de la salud,<br \/>\nintercambiar ideas y colaborar en futuros proyectos de investigacio n y pra ctica.<br \/>\nDurante las diferentes actividades que comprende el congreso se abordara n<br \/>\ntema ticas en innovaciones en salud y educacio n, centra ndose en el cuidado integral de<br \/>\nlas personas, la prevencio n de adicciones, el uso de nuevas tecnolog\u00ed as y la formacio n<br \/>\nde l\u00ed deres para abordar estos desaf\u00ed os de manera efectiva.<br \/>\nPara obtener ma s informacio n, visitar el portal https:\/\/www.congreso-fenl-<br \/>\n2024.com\/ o la pa gina oficial de Facebook de la Facultad de Enfermer\u00ed a de Nuevo<br \/>\nLaredo.<br \/>\nLa invitacio n esta abierta a estudiantes, profesionales en enfermer\u00ed a e<br \/>\ninvestigadores de ciencias de la salud que deseen asistir a este importante encuentro<br \/>\nacade mico que se desarrollara en las instalaciones de la propia Facultad y del Centro<br \/>\nCultural de Nuevo Laredo.<\/p>\n","protected":false},"excerpt":{"rendered":"\u2022 Tiene por objetivo impulsar la formaci\u00f3n de l\u00edderes en innovaci\u00f3n y cuidado integral de la salud de las personas. La Universidad Auto noma de Tamaulipas (UAT) reafirma su compromiso con la formacio n de l\u00ed deres en el cuidado de la salud al organizar el IV Congreso Internacional de Enfermer\u00ed a, cuya tema tica","protected":false},"author":1,"featured_media":2725,"comment_status":"open","ping_status":"open","sticky":false,"template":"","format":"standard","meta":{"_monsterinsights_skip_tracking":false,"_monsterinsights_sitenote_active":false,"_monsterinsights_sitenote_note":"","_monsterinsights_sitenote_category":0,"footnotes":""},"categories":[3],"tags":[],"class_list":["post-2724","post","type-post","status-publish","format-standard","has-post-thumbnail","hentry","category-noticias"],"aioseo_notices":[],"amp_enabled":true,"_links":{"self":[{"href":"https:\/\/tamaulipasmiregion.com\/index.php?rest_route=\/wp\/v2\/posts\/2724","targetHints":{"allow":["GET"]}}],"collection":[{"href":"https:\/\/tamaulipasmiregion.com\/index.php?rest_route=\/wp\/v2\/posts"}],"about":[{"href":"https:\/\/tamaulipasmiregion.com\/index.php?rest_route=\/wp\/v2\/types\/post"}],"author":[{"embeddable":true,"href":"https:\/\/tamaulipasmiregion.com\/index.php?rest_route=\/wp\/v2\/users\/1"}],"replies":[{"embeddable":true,"href":"https:\/\/tamaulipasmiregion.com\/index.php?rest_route=%2Fwp%2Fv2%2Fcomments&post=2724"}],"version-history":[{"count":1,"href":"https:\/\/tamaulipasmiregion.com\/index.php?rest_route=\/wp\/v2\/posts\/2724\/revisions"}],"predecessor-version":[{"id":2726,"href":"https:\/\/tamaulipasmiregion.com\/index.php?rest_route=\/wp\/v2\/posts\/2724\/revisions\/2726"}],"wp:featuredmedia":[{"embeddable":true,"href":"https:\/\/tamaulipasmiregion.com\/index.php?rest_route=\/wp\/v2\/media\/2725"}],"wp:attachment":[{"href":"https:\/\/tamaulipasmiregion.com\/index.php?rest_route=%2Fwp%2Fv2%2Fmedia&parent=2724"}],"wp:term":[{"taxonomy":"category","embeddable":true,"href":"https:\/\/tamaulipasmiregion.com\/index.php?rest_route=%2Fwp%2Fv2%2Fcategories&post=2724"},{"taxonomy":"post_tag","embeddable":true,"href":"https:\/\/tamaulipasmiregion.com\/index.php?rest_route=%2Fwp%2Fv2%2Ftags&post=2724"}],"curies":[{"name":"wp","href":"https:\/\/api.w.org\/{rel}","templated":true}]}}