{"id":2730,"date":"2024-10-15T22:43:08","date_gmt":"2024-10-15T22:43:08","guid":{"rendered":"https:\/\/tamaulipasmiregion.com\/?p=2730"},"modified":"2024-10-15T22:43:09","modified_gmt":"2024-10-15T22:43:09","slug":"fortalece-la-uat-procesos-para-evaluar-y-acreditar-la-calidad-de-sus-programas-educativos","status":"publish","type":"post","link":"https:\/\/tamaulipasmiregion.com\/?p=2730","title":{"rendered":"Fortalece la UAT procesos para evaluar y acreditar la calidad de sus programas educativos"},"content":{"rendered":"<p>La Universidad Aut\u00f3noma de Tamaulipas (UAT) mantiene un trabajo permanente para<br \/>\nconsolidar la calidad de sus programas educativos mediante los procesos que est\u00e1n a cargo<br \/>\nde organismos nacionales de evaluaci\u00f3n y acreditaci\u00f3n de la educaci\u00f3n superior.<br \/>\nEl rector D\u00e1maso Anaya Alvarado puso en marcha, tanto de manera virtual como<br \/>\npresencial, los trabajos de evaluaci\u00f3n de las facultades y unidades acad\u00e9micas de la UAT, en<br \/>\nsus proyectos para acreditar o reacreditar programas de licenciatura.<br \/>\nEn seguimiento a estas acciones, presidi\u00f3 en la Facultad de Derecho y Ciencias Sociales<br \/>\nVictoria el inicio de la evaluaci\u00f3n de la Licenciatura en Ciencias de la Comunicaci\u00f3n por el<br \/>\nConsejo de Acreditaci\u00f3n de la Comunicaci\u00f3n y las Ciencias Sociales, A. C. (CONAC).<br \/>\nPreviamente, el rector de la UAT firm\u00f3 un convenio con el presidente del Consejo<br \/>\nNacional de Educaci\u00f3n de la Medicina Veterinaria y Zootecnia, A. C. (CONEVET), Dr. Jos\u00e9<br \/>\nManuel Silva Ramos, para comenzar las visitas de evaluaci\u00f3n externa, en el proyecto de<br \/>\nreacreditar el programa educativo de M\u00e9dico Veterinario Zootecnista.<br \/>\nDe manera virtual dio la apertura a este ejercicio en la Facultad de Ciencias de la<br \/>\nEducaci\u00f3n y Humanidades, donde estuvieron presentes autoridades del Comit\u00e9 para la<br \/>\nEvaluaci\u00f3n de Programas de Pedagog\u00eda y Educaci\u00f3n (CEPPE) para evaluar con fines de<br \/>\nacreditaci\u00f3n el programa educativo de Licenciado en Ciencias de la Educaci\u00f3n.<br \/>\nAs\u00ed mismo, D\u00e1maso Anaya puso en marcha los trabajos de evaluaci\u00f3n con fines de<br \/>\nreacreditaci\u00f3n de la Licenciatura en Derecho de la Facultad de Comercio, Administraci\u00f3n y<br \/>\nCiencias Sociales Nuevo Laredo, cuyo proceso estuvo a cargo de los Comit\u00e9s<br \/>\nInterinstitucionales para la Evaluaci\u00f3n de la Educaci\u00f3n Superior (CIEES).<\/p>\n","protected":false},"excerpt":{"rendered":"La Universidad Aut\u00f3noma de Tamaulipas (UAT) mantiene un trabajo permanente para consolidar la calidad de sus programas educativos mediante los procesos que est\u00e1n a cargo de organismos nacionales de evaluaci\u00f3n y acreditaci\u00f3n de la educaci\u00f3n superior. El rector D\u00e1maso Anaya Alvarado puso en marcha, tanto de manera virtual como presencial, los trabajos de evaluaci\u00f3n de","protected":false},"author":1,"featured_media":2731,"comment_status":"open","ping_status":"open","sticky":false,"template":"","format":"standard","meta":{"_monsterinsights_skip_tracking":false,"_monsterinsights_sitenote_active":false,"_monsterinsights_sitenote_note":"","_monsterinsights_sitenote_category":0,"footnotes":""},"categories":[3],"tags":[],"class_list":["post-2730","post","type-post","status-publish","format-standard","has-post-thumbnail","hentry","category-noticias"],"aioseo_notices":[],"amp_enabled":true,"_links":{"self":[{"href":"https:\/\/tamaulipasmiregion.com\/index.php?rest_route=\/wp\/v2\/posts\/2730","targetHints":{"allow":["GET"]}}],"collection":[{"href":"https:\/\/tamaulipasmiregion.com\/index.php?rest_route=\/wp\/v2\/posts"}],"about":[{"href":"https:\/\/tamaulipasmiregion.com\/index.php?rest_route=\/wp\/v2\/types\/post"}],"author":[{"embeddable":true,"href":"https:\/\/tamaulipasmiregion.com\/index.php?rest_route=\/wp\/v2\/users\/1"}],"replies":[{"embeddable":true,"href":"https:\/\/tamaulipasmiregion.com\/index.php?rest_route=%2Fwp%2Fv2%2Fcomments&post=2730"}],"version-history":[{"count":1,"href":"https:\/\/tamaulipasmiregion.com\/index.php?rest_route=\/wp\/v2\/posts\/2730\/revisions"}],"predecessor-version":[{"id":2732,"href":"https:\/\/tamaulipasmiregion.com\/index.php?rest_route=\/wp\/v2\/posts\/2730\/revisions\/2732"}],"wp:featuredmedia":[{"embeddable":true,"href":"https:\/\/tamaulipasmiregion.com\/index.php?rest_route=\/wp\/v2\/media\/2731"}],"wp:attachment":[{"href":"https:\/\/tamaulipasmiregion.com\/index.php?rest_route=%2Fwp%2Fv2%2Fmedia&parent=2730"}],"wp:term":[{"taxonomy":"category","embeddable":true,"href":"https:\/\/tamaulipasmiregion.com\/index.php?rest_route=%2Fwp%2Fv2%2Fcategories&post=2730"},{"taxonomy":"post_tag","embeddable":true,"href":"https:\/\/tamaulipasmiregion.com\/index.php?rest_route=%2Fwp%2Fv2%2Ftags&post=2730"}],"curies":[{"name":"wp","href":"https:\/\/api.w.org\/{rel}","templated":true}]}}