{"id":2744,"date":"2024-10-17T23:42:08","date_gmt":"2024-10-17T23:42:08","guid":{"rendered":"https:\/\/tamaulipasmiregion.com\/?p=2744"},"modified":"2024-10-17T23:43:39","modified_gmt":"2024-10-17T23:43:39","slug":"rector-de-la-uat-encabeza-eventos-del-62-aniversario-de-la-uam-valle-hermoso","status":"publish","type":"post","link":"https:\/\/tamaulipasmiregion.com\/?p=2744","title":{"rendered":"Rector de la UAT encabeza eventos del 62 aniversario de la UAM Valle Hermoso"},"content":{"rendered":"<p>El rector de la Universidad Auto noma de Tamaulipas (UAT), Da maso Anaya Alvarado,<br \/>\npresidio la ceremonia conmemorativa del 62 aniversario de la Unidad Acade mica<br \/>\nMultidisciplinaria Valle Hermoso (UAMVH), en cuyo marco reafirmo el compromiso de<br \/>\napoyar el desarrollo de esta casa de estudios mediante una educacio n humanista,<br \/>\ninclusiva y de excelencia.<br \/>\nAnte estudiantes de bachillerato, licenciatura y posgrado de esta institucio n<br \/>\nacade mica, el rector de la UAT encabezo el acto conmemoratorio del plantel que inicio<br \/>\nsus labores el 17 de septiembre de 1962 como Escuela Preparatoria Valle Hermoso.<br \/>\nExpreso que esta institucio n ha sido un pilar en la formacio n acade mica y social de<br \/>\nesta regio n y recalco la importancia de recordar a quienes impulsaron su fundacio n,<br \/>\ncomo el ingeniero Santiago Guajardo Barrientos y un grupo de ciudadanos visionarios<br \/>\nque fueron los pioneros de lo que hoy se consolida como la Unidad Acade mica<br \/>\nMultidisciplinaria Valle Hermoso.<br \/>\nPuso de relieve que, adema s del bachillerato, actualmente la UAMVH ofrece las<br \/>\nlicenciaturas en Tecnolog\u00ed a Educativa, Mercadotecnia y Administracio n, y Educacio n y<br \/>\nTecnolog\u00ed as para el Aprendizaje, as\u00ed como la Maestr\u00ed a en Innovacio n Educativa y<br \/>\nTecnolog\u00ed as para el Aprendizaje.<br \/>\nPuntualizo que la UAT tiene la responsabilidad de formar profesionales e ticos,<br \/>\ncomprometidos con su entorno y preparados para enfrentar los retos globales, y que,<br \/>\npor ello, su administracio n rectoral brindara a la juventud universitaria todas las<br \/>\nherramientas de la educacio n que sean necesarias para transformar sus vidas.<br \/>\nAcompan ado por el director de la UAM Valle Hermoso, Fernando Villanueva<br \/>\nPineda, el rector le entrego un reconocimiento a la Dra. Martha Josefina Go mez<br \/>\nGutie rrez, egresada de la primera generacio n y que actualmente se desempen a como<br \/>\nprofesora-investigadora en la Universidad Nacional Auto noma de Me xico.<br \/>\nEn el marco de 62 Aniversario de esta escuela, se inauguro el Tercer Coloquio de<br \/>\nInvestigacio n y el X Encuentro Acade mico \u201cHumanizando tu futuro\u201d, y se proyecto una<br \/>\npresentacio n en la que se recordaron los inicios y la trayectoria de la institucio n.<\/p>\n","protected":false},"excerpt":{"rendered":"El rector de la Universidad Auto noma de Tamaulipas (UAT), Da maso Anaya Alvarado, presidio la ceremonia conmemorativa del 62 aniversario de la Unidad Acade mica Multidisciplinaria Valle Hermoso (UAMVH), en cuyo marco reafirmo el compromiso de apoyar el desarrollo de esta casa de estudios mediante una educacio n humanista, inclusiva y de excelencia. Ante","protected":false},"author":1,"featured_media":2745,"comment_status":"open","ping_status":"open","sticky":false,"template":"","format":"standard","meta":{"_monsterinsights_skip_tracking":false,"_monsterinsights_sitenote_active":false,"_monsterinsights_sitenote_note":"","_monsterinsights_sitenote_category":0,"footnotes":""},"categories":[3],"tags":[],"class_list":["post-2744","post","type-post","status-publish","format-standard","has-post-thumbnail","hentry","category-noticias"],"aioseo_notices":[],"amp_enabled":true,"_links":{"self":[{"href":"https:\/\/tamaulipasmiregion.com\/index.php?rest_route=\/wp\/v2\/posts\/2744","targetHints":{"allow":["GET"]}}],"collection":[{"href":"https:\/\/tamaulipasmiregion.com\/index.php?rest_route=\/wp\/v2\/posts"}],"about":[{"href":"https:\/\/tamaulipasmiregion.com\/index.php?rest_route=\/wp\/v2\/types\/post"}],"author":[{"embeddable":true,"href":"https:\/\/tamaulipasmiregion.com\/index.php?rest_route=\/wp\/v2\/users\/1"}],"replies":[{"embeddable":true,"href":"https:\/\/tamaulipasmiregion.com\/index.php?rest_route=%2Fwp%2Fv2%2Fcomments&post=2744"}],"version-history":[{"count":1,"href":"https:\/\/tamaulipasmiregion.com\/index.php?rest_route=\/wp\/v2\/posts\/2744\/revisions"}],"predecessor-version":[{"id":2746,"href":"https:\/\/tamaulipasmiregion.com\/index.php?rest_route=\/wp\/v2\/posts\/2744\/revisions\/2746"}],"wp:featuredmedia":[{"embeddable":true,"href":"https:\/\/tamaulipasmiregion.com\/index.php?rest_route=\/wp\/v2\/media\/2745"}],"wp:attachment":[{"href":"https:\/\/tamaulipasmiregion.com\/index.php?rest_route=%2Fwp%2Fv2%2Fmedia&parent=2744"}],"wp:term":[{"taxonomy":"category","embeddable":true,"href":"https:\/\/tamaulipasmiregion.com\/index.php?rest_route=%2Fwp%2Fv2%2Fcategories&post=2744"},{"taxonomy":"post_tag","embeddable":true,"href":"https:\/\/tamaulipasmiregion.com\/index.php?rest_route=%2Fwp%2Fv2%2Ftags&post=2744"}],"curies":[{"name":"wp","href":"https:\/\/api.w.org\/{rel}","templated":true}]}}