{"id":2753,"date":"2024-10-19T17:09:23","date_gmt":"2024-10-19T17:09:23","guid":{"rendered":"https:\/\/tamaulipasmiregion.com\/?p=2753"},"modified":"2024-10-22T17:10:50","modified_gmt":"2024-10-22T17:10:50","slug":"estudiantes-de-la-uat-producen-cortometraje-sobre-agustin-de-iturbide","status":"publish","type":"post","link":"https:\/\/tamaulipasmiregion.com\/?p=2753","title":{"rendered":"Estudiantes de la UAT producen cortometraje sobre Agust\u00edn de Iturbide"},"content":{"rendered":"<p>Un grupo de estudiantes de la Facultad de Derecho y Ciencias Sociales Victoria (FDCSV)<br \/>\nde la Universidad Auto noma de Tamaulipas (UAT) trabaja en la produccio n de un<br \/>\ncortometraje histo rico titulado Iturbide: Mis \u00faltimos d\u00edas, el cual explora la vida del<br \/>\nprimer emperador mexicano, Agust\u00ed n de Iturbide, y sus u ltimos d\u00ed as antes de ser<br \/>\nfusilado en Padilla, Tamaulipas.<br \/>\nEste proyecto surge en las aulas de la Universidad como parte de su formacio n en<br \/>\nla Licenciatura en Ciencias de la Comunicacio n, donde los alumnos, supervisados por el<br \/>\nDr. Jair Nissan Bajonero Santilla n, se unieron para investigar y desarrollar un guion que<br \/>\nno solo represente la figura de Iturbide, sino tambie n ofrezca una visio n ma s intima de<br \/>\nsu vida personal.<br \/>\nEl cortometraje tiene como objetivo difundir la vida, obra y muerte del oficial<br \/>\nIturbide, as\u00ed como generar un intere s renovado por la historia local entre la juventud.<br \/>\nLa produccio n ha incluido grabaciones en locaciones emblema ticas de Tamaulipas,<br \/>\ncomo Padilla y Soto la Marina, y preve otras tomas en la Ciudad de Me xico, en lugares<br \/>\nsignificativos para la historia de Iturbide.<br \/>\nAl respecto, Paola Obrego n y Alejandro Nahum, del equipo de guionistas, destacan<br \/>\nel respaldo del Instituto de Investigaciones Histo ricas de la UAT y de diversas instancias<br \/>\noficiales para acceder a documentos histo ricos y entrevistas con reconocidos<br \/>\nhistoriadores.<br \/>\nPor su parte, el profesor Jair Bajonero sen ala que esta iniciativa busca integrar la<br \/>\nformacio n acade mica con la responsabilidad social universitaria, promoviendo un<br \/>\naprendizaje pra ctico y enriquecedor para los estudiantes involucrados en este proyecto.<br \/>\nCon un equipo de aproximadamente cuarenta estudiantes trabajando en diferentes<br \/>\na reas, incluyendo produccio n, log\u00ed stica y marketing, el proyecto sera presentado en<br \/>\nnoviembre pro ximo en un evento oficial, y se plantea tambie n su participacio n en<br \/>\nfestivales de cine para ampliar su alcance.<br \/>\nComo parte del proyecto, los estudiantes han creado un perfil en las redes sociales,<br \/>\ndonde comparten actualizaciones, ima genes y avances para que aquellos interesados<br \/>\npuedan seguir de cerca el proceso creativo del cortometraje. Las cuentas pueden<br \/>\nencontrarse tanto en Facebook, Instagram y TikTok con el nombre \u201cIturbide: mis<br \/>\nu ltimos d\u00edas\u201d.<\/p>\n","protected":false},"excerpt":{"rendered":"Un grupo de estudiantes de la Facultad de Derecho y Ciencias Sociales Victoria (FDCSV) de la Universidad Auto noma de Tamaulipas (UAT) trabaja en la produccio n de un cortometraje histo rico titulado Iturbide: Mis \u00faltimos d\u00edas, el cual explora la vida del primer emperador mexicano, Agust\u00ed n de Iturbide, y sus u ltimos d\u00ed","protected":false},"author":1,"featured_media":2754,"comment_status":"open","ping_status":"open","sticky":false,"template":"","format":"standard","meta":{"_monsterinsights_skip_tracking":false,"_monsterinsights_sitenote_active":false,"_monsterinsights_sitenote_note":"","_monsterinsights_sitenote_category":0,"footnotes":""},"categories":[3],"tags":[],"class_list":["post-2753","post","type-post","status-publish","format-standard","has-post-thumbnail","hentry","category-noticias"],"aioseo_notices":[],"amp_enabled":true,"_links":{"self":[{"href":"https:\/\/tamaulipasmiregion.com\/index.php?rest_route=\/wp\/v2\/posts\/2753","targetHints":{"allow":["GET"]}}],"collection":[{"href":"https:\/\/tamaulipasmiregion.com\/index.php?rest_route=\/wp\/v2\/posts"}],"about":[{"href":"https:\/\/tamaulipasmiregion.com\/index.php?rest_route=\/wp\/v2\/types\/post"}],"author":[{"embeddable":true,"href":"https:\/\/tamaulipasmiregion.com\/index.php?rest_route=\/wp\/v2\/users\/1"}],"replies":[{"embeddable":true,"href":"https:\/\/tamaulipasmiregion.com\/index.php?rest_route=%2Fwp%2Fv2%2Fcomments&post=2753"}],"version-history":[{"count":1,"href":"https:\/\/tamaulipasmiregion.com\/index.php?rest_route=\/wp\/v2\/posts\/2753\/revisions"}],"predecessor-version":[{"id":2755,"href":"https:\/\/tamaulipasmiregion.com\/index.php?rest_route=\/wp\/v2\/posts\/2753\/revisions\/2755"}],"wp:featuredmedia":[{"embeddable":true,"href":"https:\/\/tamaulipasmiregion.com\/index.php?rest_route=\/wp\/v2\/media\/2754"}],"wp:attachment":[{"href":"https:\/\/tamaulipasmiregion.com\/index.php?rest_route=%2Fwp%2Fv2%2Fmedia&parent=2753"}],"wp:term":[{"taxonomy":"category","embeddable":true,"href":"https:\/\/tamaulipasmiregion.com\/index.php?rest_route=%2Fwp%2Fv2%2Fcategories&post=2753"},{"taxonomy":"post_tag","embeddable":true,"href":"https:\/\/tamaulipasmiregion.com\/index.php?rest_route=%2Fwp%2Fv2%2Ftags&post=2753"}],"curies":[{"name":"wp","href":"https:\/\/api.w.org\/{rel}","templated":true}]}}