{"id":2759,"date":"2024-10-21T17:16:19","date_gmt":"2024-10-21T17:16:19","guid":{"rendered":"https:\/\/tamaulipasmiregion.com\/?p=2759"},"modified":"2024-10-22T17:17:33","modified_gmt":"2024-10-22T17:17:33","slug":"reafirma-la-uat-su-liderazgo-en-la-formacion-de-profesionales-en-educacion-y-humanidades","status":"publish","type":"post","link":"https:\/\/tamaulipasmiregion.com\/?p=2759","title":{"rendered":"Reafirma la UAT su liderazgo en la formaci\u00f3n de profesionales en educaci\u00f3n y humanidades"},"content":{"rendered":"<p>La Facultad de Ciencias de la Educaci\u00f3 n y Humanidades (FCEH) de la Universidad<br \/>\nAut\u00f3 n\u00f3ma de Tamaulipas (UAT) es un referente en la f\u00f3rmaci\u00f3 n de pr\u00f3fesi\u00f3nistas que<br \/>\nimpactan de manera significativa en t\u00f3d\u00f3s l\u00f3s niveles del sistema educativ\u00f3 de<br \/>\nTamaulipas.<br \/>\nL\u00f3 anteri\u00f3r l\u00f3 expres\u00f3 el rect\u00f3r de la UAT, Da mas\u00f3 Anaya Alvarad\u00f3, al presidir l\u00f3s<br \/>\nfestej\u00f3s del 53 Aniversari\u00f3 de la FCEH, d\u00f3nde subray\u00f3 que este referente de la educaci\u00f3 n<br \/>\nen Tamaulipas reafirma tambie n el c\u00f3mpr\u00f3mis\u00f3 de impulsar en la Universidad una<br \/>\ntransf\u00f3rmaci\u00f3 n acade mica que tiene c\u00f3m\u00f3 centr\u00f3 el humanism\u00f3.<br \/>\nEn este sentid\u00f3, sen al\u00f3 que en esta instituci\u00f3 n universitaria es d\u00f3nde c\u00f3bra un sentid\u00f3<br \/>\nespecial este ideal, p\u00f3rque es aqu\u00ed d\u00f3nde se f\u00f3rman quienes sera n l\u00f3s futur\u00f3s gu\u00ed as y<br \/>\nespecialistas en la educaci\u00f3 n de las pr\u00f3 ximas generaci\u00f3nes.<br \/>\nLueg\u00f3 de agradecer la presencia de la diputada Yuriria Iturbe Va zquez, presidenta de la<br \/>\nC\u00f3misi\u00f3 n de Educaci\u00f3 n del C\u00f3ngres\u00f3 del Estad\u00f3, y de N\u00f3ra Hilda de l\u00f3s Reyes Va zquez,<br \/>\nrepresentante de la Secretar\u00ed a de Educaci\u00f3 n de Tamaulipas, destac\u00f3 la vinculaci\u00f3 n que<br \/>\nse ha emprendid\u00f3 c\u00f3n t\u00f3d\u00f3s l\u00f3s \u00f3 rgan\u00f3s de g\u00f3biern\u00f3 para \u00f3frecer ma s \u00f3p\u00f3rtunidades a<br \/>\nla juventud estudiantil.<br \/>\nP\u00f3r su parte, la direct\u00f3ra de la FCEH, Elsa Fernanda G\u00f3nza lez Quinter\u00f3, agradeci\u00f3 el<br \/>\nap\u00f3y\u00f3 del rect\u00f3r Da mas\u00f3 Anaya para seguir impulsand\u00f3 el crecimient\u00f3 y la calidad de<br \/>\nl\u00f3s pr\u00f3gramas educativ\u00f3s de esta instituci\u00f3 n.<br \/>\nEn el event\u00f3 se destac\u00f3 el rec\u00f3n\u00f3cimient\u00f3 a quienes impulsar\u00f3n hace 53 an \u00f3s la<br \/>\nfundaci\u00f3 n de este plantel del Campus Vict\u00f3ria, y en ese c\u00f3ntext\u00f3 se hiz\u00f3 entrega de un<br \/>\nd\u00f3nativ\u00f3 de las c\u00f3lecci\u00f3nes de libr\u00f3s del escrit\u00f3r Orland\u00f3 Ortiz p\u00f3r parte de su viuda,<br \/>\nMar\u00ed a del Carmen Raquel Galicia Patin \u00f3, as\u00ed c\u00f3m\u00f3 del F\u00f3nd\u00f3 de C\u00f3lecci\u00f3nes del Dr.<br \/>\nHe ct\u00f3r Manuel Capell\u00f3 y Garc\u00ed a.<br \/>\nLas actividades c\u00f3ntinuar\u00f3n en el a g\u00f3ra de la Facultad, d\u00f3nde el rect\u00f3r encabez\u00f3 el<br \/>\nfestej\u00f3 de aniversari\u00f3 y la entrega de rec\u00f3n\u00f3cimient\u00f3s a investigad\u00f3res de nivel naci\u00f3nal<br \/>\ny a estudiantes destacad\u00f3s en actividades dep\u00f3rtivas.<\/p>\n","protected":false},"excerpt":{"rendered":"La Facultad de Ciencias de la Educaci\u00f3 n y Humanidades (FCEH) de la Universidad Aut\u00f3 n\u00f3ma de Tamaulipas (UAT) es un referente en la f\u00f3rmaci\u00f3 n de pr\u00f3fesi\u00f3nistas que impactan de manera significativa en t\u00f3d\u00f3s l\u00f3s niveles del sistema educativ\u00f3 de Tamaulipas. L\u00f3 anteri\u00f3r l\u00f3 expres\u00f3 el rect\u00f3r de la UAT, Da mas\u00f3 Anaya Alvarad\u00f3,","protected":false},"author":1,"featured_media":2760,"comment_status":"open","ping_status":"open","sticky":false,"template":"","format":"standard","meta":{"_monsterinsights_skip_tracking":false,"_monsterinsights_sitenote_active":false,"_monsterinsights_sitenote_note":"","_monsterinsights_sitenote_category":0,"footnotes":""},"categories":[3],"tags":[],"class_list":["post-2759","post","type-post","status-publish","format-standard","has-post-thumbnail","hentry","category-noticias"],"aioseo_notices":[],"amp_enabled":true,"_links":{"self":[{"href":"https:\/\/tamaulipasmiregion.com\/index.php?rest_route=\/wp\/v2\/posts\/2759","targetHints":{"allow":["GET"]}}],"collection":[{"href":"https:\/\/tamaulipasmiregion.com\/index.php?rest_route=\/wp\/v2\/posts"}],"about":[{"href":"https:\/\/tamaulipasmiregion.com\/index.php?rest_route=\/wp\/v2\/types\/post"}],"author":[{"embeddable":true,"href":"https:\/\/tamaulipasmiregion.com\/index.php?rest_route=\/wp\/v2\/users\/1"}],"replies":[{"embeddable":true,"href":"https:\/\/tamaulipasmiregion.com\/index.php?rest_route=%2Fwp%2Fv2%2Fcomments&post=2759"}],"version-history":[{"count":1,"href":"https:\/\/tamaulipasmiregion.com\/index.php?rest_route=\/wp\/v2\/posts\/2759\/revisions"}],"predecessor-version":[{"id":2761,"href":"https:\/\/tamaulipasmiregion.com\/index.php?rest_route=\/wp\/v2\/posts\/2759\/revisions\/2761"}],"wp:featuredmedia":[{"embeddable":true,"href":"https:\/\/tamaulipasmiregion.com\/index.php?rest_route=\/wp\/v2\/media\/2760"}],"wp:attachment":[{"href":"https:\/\/tamaulipasmiregion.com\/index.php?rest_route=%2Fwp%2Fv2%2Fmedia&parent=2759"}],"wp:term":[{"taxonomy":"category","embeddable":true,"href":"https:\/\/tamaulipasmiregion.com\/index.php?rest_route=%2Fwp%2Fv2%2Fcategories&post=2759"},{"taxonomy":"post_tag","embeddable":true,"href":"https:\/\/tamaulipasmiregion.com\/index.php?rest_route=%2Fwp%2Fv2%2Ftags&post=2759"}],"curies":[{"name":"wp","href":"https:\/\/api.w.org\/{rel}","templated":true}]}}