{"id":2765,"date":"2024-10-22T00:51:19","date_gmt":"2024-10-22T00:51:19","guid":{"rendered":"https:\/\/tamaulipasmiregion.com\/?p=2765"},"modified":"2024-10-26T01:38:44","modified_gmt":"2024-10-26T01:38:44","slug":"consolida-la-uat-formacion-de-ingenieros-y-cientificos","status":"publish","type":"post","link":"https:\/\/tamaulipasmiregion.com\/?p=2765","title":{"rendered":"Consolida la UAT formaci\u00f3n de ingenieros y cient\u00edficos"},"content":{"rendered":"<p>La Facultad de Ingenier\u00eda y Ciencias de la UAT celebra 57 a\u00f1os de formar<br \/>\nprofesionales e investigadores que contribuyen al desarrollo econ\u00f3mico, social y<br \/>\nproductivo de Tamaulipas.<br \/>\nDurante el acto conmemorativo por el 57 aniversario de la Facultad de Ingenier\u00eda y Ciencias<br \/>\n(FIC), el rector de la Universidad Aut\u00f3noma de Tamaulipas (UAT), D\u00e1maso Anaya Alvarado,<br \/>\ndestac\u00f3 el significativo impacto acad\u00e9mico y cient\u00edfico de esta instituci\u00f3n en la formaci\u00f3n de<br \/>\nprofesionales que impulsan el desarrollo econ\u00f3mico y social de la regi\u00f3n, subrayando su<br \/>\nrelevancia en \u00e1reas clave como la ingenier\u00eda, la agricultura, la inteligencia artificial y la<br \/>\nbiotecnolog\u00eda.<br \/>\nAsimismo, puso especial \u00e9nfasis en el papel que esta Facultad ha desempe\u00f1ado en el<br \/>\ndesarrollo regional a trav\u00e9s de proyectos y colaboraciones con el sector productivo, entidades<br \/>\ngubernamentales y otras universidades, tanto nacionales como internacionales.<br \/>\nEn el \u00e1mbito de la investigaci\u00f3n, puso en relieve el papel central de la FIC en la<br \/>\nproducci\u00f3n de conocimiento cient\u00edfico, al contar con 44 profesores en el Sistema Nacional<br \/>\nde Investigadores e Investigadoras (SNII), adem\u00e1s de reunir once cuerpos acad\u00e9micos, nueve<br \/>\nde ellos consolidados.<br \/>\nFundada en 1967 como Facultad de Agronom\u00eda, la actual Facultad de Ingenier\u00eda y<br \/>\nCiencias se consolida como referente en la formaci\u00f3n de profesionales, ofreciendo las<br \/>\ncarreras de Ingenier\u00eda en Agronom\u00eda, Ciencias Ambientales y Telem\u00e1tica, as\u00ed como maestr\u00edas<br \/>\ny un doctorado en \u00e1reas relacionadas.<br \/>\nComo parte de la celebraci\u00f3n, el rector de la UAT hizo entrega de reconocimientos a<br \/>\ndocentes que obtuvieron, o renovaron, su certificaci\u00f3n en el SNII, destac\u00e1ndose el ingreso de<br \/>\nun profesor en el Nivel 2; diez en la categor\u00eda de Nivel 1 y tres el nivel de candidatos.<br \/>\nPor otro lado, inaugur\u00f3 el nuevo Laboratorio de Redes, dise\u00f1ado para las pr\u00e1cticas<br \/>\nestudiantiles e innovaci\u00f3n en el campo de la telem\u00e1tica, entre otras \u00e1reas; as\u00ed como tambi\u00e9n<br \/>\ncoloc\u00f3 la primera piedra de la techumbre y remozamiento de canchas para usos m\u00faltiples.<br \/>\nPor su parte, el director de la FIC, Vicente Paul Sald\u00edvar Alonso, destac\u00f3 la<br \/>\ncelebraci\u00f3n como una oportunidad para reflexionar sobre la trayectoria de la Facultad y de<br \/>\ncontar con la distinguida presencia de exdirectores, entre ellos, los tambi\u00e9n exrectores,<br \/>\nHumberto Filizola Haces y Jos\u00e9 Andr\u00e9s Su\u00e1rez Fern\u00e1ndez.<br \/>\nAdem\u00e1s, se cont\u00f3 con la presencia del subsecretario de Educaci\u00f3n Media Superior y<br \/>\nSuperior, Guadalupe Acosta Villarreal, en representaci\u00f3n del gobernador Am\u00e9rico Villarreal<br \/>\nAnaya; del subsecretario de Desarrollo Agr\u00edcola, Eliseo Camacho Nieto, representante del<br \/>\nsecretario de Desarrollo Rural, Pesca y Acuacultura del Gobierno del Estado, Antonio Varela<br \/>\nFlores; as\u00ed como de funcionarios de la rector\u00eda y directores de las dependencias acad\u00e9micas<br \/>\nde la UAT.<\/p>\n","protected":false},"excerpt":{"rendered":"La Facultad de Ingenier\u00eda y Ciencias de la UAT celebra 57 a\u00f1os de formar profesionales e investigadores que contribuyen al desarrollo econ\u00f3mico, social y productivo de Tamaulipas. Durante el acto conmemorativo por el 57 aniversario de la Facultad de Ingenier\u00eda y Ciencias (FIC), el rector de la Universidad Aut\u00f3noma de Tamaulipas (UAT), D\u00e1maso Anaya Alvarado,","protected":false},"author":1,"featured_media":2766,"comment_status":"open","ping_status":"open","sticky":false,"template":"","format":"standard","meta":{"_monsterinsights_skip_tracking":false,"_monsterinsights_sitenote_active":false,"_monsterinsights_sitenote_note":"","_monsterinsights_sitenote_category":0,"footnotes":""},"categories":[3],"tags":[],"class_list":["post-2765","post","type-post","status-publish","format-standard","has-post-thumbnail","hentry","category-noticias"],"aioseo_notices":[],"amp_enabled":true,"_links":{"self":[{"href":"https:\/\/tamaulipasmiregion.com\/index.php?rest_route=\/wp\/v2\/posts\/2765","targetHints":{"allow":["GET"]}}],"collection":[{"href":"https:\/\/tamaulipasmiregion.com\/index.php?rest_route=\/wp\/v2\/posts"}],"about":[{"href":"https:\/\/tamaulipasmiregion.com\/index.php?rest_route=\/wp\/v2\/types\/post"}],"author":[{"embeddable":true,"href":"https:\/\/tamaulipasmiregion.com\/index.php?rest_route=\/wp\/v2\/users\/1"}],"replies":[{"embeddable":true,"href":"https:\/\/tamaulipasmiregion.com\/index.php?rest_route=%2Fwp%2Fv2%2Fcomments&post=2765"}],"version-history":[{"count":2,"href":"https:\/\/tamaulipasmiregion.com\/index.php?rest_route=\/wp\/v2\/posts\/2765\/revisions"}],"predecessor-version":[{"id":2772,"href":"https:\/\/tamaulipasmiregion.com\/index.php?rest_route=\/wp\/v2\/posts\/2765\/revisions\/2772"}],"wp:featuredmedia":[{"embeddable":true,"href":"https:\/\/tamaulipasmiregion.com\/index.php?rest_route=\/wp\/v2\/media\/2766"}],"wp:attachment":[{"href":"https:\/\/tamaulipasmiregion.com\/index.php?rest_route=%2Fwp%2Fv2%2Fmedia&parent=2765"}],"wp:term":[{"taxonomy":"category","embeddable":true,"href":"https:\/\/tamaulipasmiregion.com\/index.php?rest_route=%2Fwp%2Fv2%2Fcategories&post=2765"},{"taxonomy":"post_tag","embeddable":true,"href":"https:\/\/tamaulipasmiregion.com\/index.php?rest_route=%2Fwp%2Fv2%2Ftags&post=2765"}],"curies":[{"name":"wp","href":"https:\/\/api.w.org\/{rel}","templated":true}]}}