{"id":2776,"date":"2024-10-25T01:46:03","date_gmt":"2024-10-25T01:46:03","guid":{"rendered":"https:\/\/tamaulipasmiregion.com\/?p=2776"},"modified":"2024-11-02T00:04:35","modified_gmt":"2024-11-02T00:04:35","slug":"la-uat-y-ayuntamiento-de-madero-unen-esfuerzos-para-el-bienestar-y-progreso-social","status":"publish","type":"post","link":"https:\/\/tamaulipasmiregion.com\/?p=2776","title":{"rendered":"La UAT y Ayuntamiento de Madero unen esfuerzos para el bienestar y progreso social"},"content":{"rendered":"<p>La Universidad Aut\u00f3noma de Tamaulipas (UAT) y el Ayuntamiento de Ciudad Madero fortalecer\u00e1n la cooperaci\u00f3n en programas conjuntos de car\u00e1cter acad\u00e9mico, cient\u00edfico y cultural, que aporten al bienestar y progreso de la comunidad en este municipio del sur de Tamaulipas.<br \/>\nLo anterior qued\u00f3 establecido en el convenio que fue firmado por el rector de la UAT, D\u00e1maso Anaya Alvarado, y por el alcalde de Ciudad Madero, Erasmo Gonz\u00e1lez Robledo, con la asistencia como testigo de honor, en representaci\u00f3n del gobernador Am\u00e9rico Villarreal Anaya, del subsecretario de gobierno, Tom\u00e1s Gloria Requena.<br \/>\nAcompa\u00f1ado de su esposa, Isolda Rend\u00f3n de Anaya, presidenta de Familia UAT, as\u00ed como funcionarios de la Rector\u00eda y directivos de las facultades, D\u00e1maso Anaya destac\u00f3 la disposici\u00f3n de la Universidad por colaborar en proyectos de impacto en la comunidad y de contribuir, desde la educaci\u00f3n superior, al bienestar y el progreso social.<br \/>\nExpuso que, mediante esta vinculaci\u00f3n, la UAT se compromete a poner al servicio del municipio su capacidad acad\u00e9mica, cient\u00edfica y de vinculaci\u00f3n social, a trav\u00e9s de sus programas educativos, proyectos de investigaci\u00f3n y el servicio comunitario, contribuyendo en \u00e1reas como el turismo, la sostenibilidad ambiental, la salud p\u00fablica y la tecnolog\u00eda.<br \/>\nPor su parte, el alcalde Erasmo Gonz\u00e1lez Robledo asever\u00f3 que este convenio con la UAT se ha establecido con cimientos de solidaridad y respeto mutuo, con el prop\u00f3sito de mejorar la vida de los habitantes de Madero. Por ello, agradeci\u00f3 al rector la disposici\u00f3n de trabajar con el municipio en proyectos que beneficiar\u00e1n a la comunidad.<br \/>\nEn su oportunidad, Tom\u00e1s Gloria Requena felicit\u00f3 a la UAT y al Ayuntamiento de Madero por la sinergia que ser\u00e1 de beneficio para este municipio, al tiempo de expresar su reconocimiento al rector D\u00e1maso Anaya por los esfuerzos que ha emprendido, y que demuestran su compromiso con la Universidad y con Tamaulipas.<\/p>\n","protected":false},"excerpt":{"rendered":"La Universidad Aut\u00f3noma de Tamaulipas (UAT) y el Ayuntamiento de Ciudad Madero fortalecer\u00e1n la cooperaci\u00f3n en programas conjuntos de car\u00e1cter acad\u00e9mico, cient\u00edfico y cultural, que aporten al bienestar y progreso de la comunidad en este municipio del sur de Tamaulipas. Lo anterior qued\u00f3 establecido en el convenio que fue firmado por el rector de la","protected":false},"author":1,"featured_media":2777,"comment_status":"open","ping_status":"open","sticky":false,"template":"","format":"standard","meta":{"_monsterinsights_skip_tracking":false,"_monsterinsights_sitenote_active":false,"_monsterinsights_sitenote_note":"","_monsterinsights_sitenote_category":0,"footnotes":""},"categories":[3],"tags":[],"class_list":["post-2776","post","type-post","status-publish","format-standard","has-post-thumbnail","hentry","category-noticias"],"aioseo_notices":[],"amp_enabled":true,"_links":{"self":[{"href":"https:\/\/tamaulipasmiregion.com\/index.php?rest_route=\/wp\/v2\/posts\/2776","targetHints":{"allow":["GET"]}}],"collection":[{"href":"https:\/\/tamaulipasmiregion.com\/index.php?rest_route=\/wp\/v2\/posts"}],"about":[{"href":"https:\/\/tamaulipasmiregion.com\/index.php?rest_route=\/wp\/v2\/types\/post"}],"author":[{"embeddable":true,"href":"https:\/\/tamaulipasmiregion.com\/index.php?rest_route=\/wp\/v2\/users\/1"}],"replies":[{"embeddable":true,"href":"https:\/\/tamaulipasmiregion.com\/index.php?rest_route=%2Fwp%2Fv2%2Fcomments&post=2776"}],"version-history":[{"count":1,"href":"https:\/\/tamaulipasmiregion.com\/index.php?rest_route=\/wp\/v2\/posts\/2776\/revisions"}],"predecessor-version":[{"id":2778,"href":"https:\/\/tamaulipasmiregion.com\/index.php?rest_route=\/wp\/v2\/posts\/2776\/revisions\/2778"}],"wp:featuredmedia":[{"embeddable":true,"href":"https:\/\/tamaulipasmiregion.com\/index.php?rest_route=\/wp\/v2\/media\/2777"}],"wp:attachment":[{"href":"https:\/\/tamaulipasmiregion.com\/index.php?rest_route=%2Fwp%2Fv2%2Fmedia&parent=2776"}],"wp:term":[{"taxonomy":"category","embeddable":true,"href":"https:\/\/tamaulipasmiregion.com\/index.php?rest_route=%2Fwp%2Fv2%2Fcategories&post=2776"},{"taxonomy":"post_tag","embeddable":true,"href":"https:\/\/tamaulipasmiregion.com\/index.php?rest_route=%2Fwp%2Fv2%2Ftags&post=2776"}],"curies":[{"name":"wp","href":"https:\/\/api.w.org\/{rel}","templated":true}]}}