{"id":2781,"date":"2024-10-26T00:01:33","date_gmt":"2024-10-26T00:01:33","guid":{"rendered":"https:\/\/tamaulipasmiregion.com\/?p=2781"},"modified":"2024-11-02T00:03:06","modified_gmt":"2024-11-02T00:03:06","slug":"concluye-la-uat-colecta-de-viveres-juntos-por-guerrero","status":"publish","type":"post","link":"https:\/\/tamaulipasmiregion.com\/?p=2781","title":{"rendered":"Concluye la UAT colecta de v\u00edveres \u201cJuntos por Guerrero\u201d"},"content":{"rendered":"<p>La Universidad Aut\u00f3noma de Tamaulipas (UAT) concluy\u00f3 con \u00e9xito la colecta \u201cJuntos por Guerrero\u201d, la cual logr\u00f3 reunir una importante cantidad de v\u00edveres correspondientes a la iniciativa que busca brindar apoyo a las personas afectadas por el hurac\u00e1n John.<br \/>\n            En un acto de solidaridad, diversas \u00e1reas, secretar\u00edas, escuelas, facultades y unidades acad\u00e9mica s de la UAT reunieron y entregaron donativos durante la campa\u00f1a realizada del 2 al 15 de octubre.<br \/>\n            Durante este periodo, la comunidad universitaria recolect\u00f3 productos esenciales como alimentos no perecederos, art\u00edculos de higiene personal, productos para beb\u00e9s y art\u00edculos para el hogar.<br \/>\nEsta acci\u00f3n refleja el firme compromiso de la UAT, bajo el liderazgo del rector D\u00e1maso Anaya Alvarado, con la responsabilidad social y el apoyo a quienes enfrentan momentos dif\u00edciles, fomentado la solidaridad, colaboraci\u00f3n y el sentido humanista de la comunidad universitaria y de la sociedad tamaulipeca.<br \/>\n           La colecta fue coordinada por Familia UAT y la Secretar\u00eda de Gesti\u00f3n Escolar a trav\u00e9s de la Direcci\u00f3n de Humanismo Social, estableciendo diversos puntos de recolecci\u00f3n en facultades y dependencias de la Universidad.<br \/>\n            La iniciativa tuvo una notable respuesta de la comunidad universitaria y de la sociedad tamaulipeca, quienes se unieron a esta noble causa.<br \/>\n            El esfuerzo culmin\u00f3 en un evento de entrega realizado en el Gimnasio Multidisciplinario de la UAT, donde un cami\u00f3n fue cargado con aproximadamente veinte mil art\u00edculos y preparado cuidadosamente para asegurar que los donativos lleguen en condiciones \u00f3ptimas a su destino.<\/p>\n<p>          Con ese prop\u00f3sito, el transporte de carga se traslad\u00f3 a las instalaciones de la Asociaci\u00f3n Nacional de Universidades e Instituciones de Educaci\u00f3n Superior (ANUIES) en la Ciudad de M\u00e9xico, desde donde se har\u00e1 la distribuci\u00f3n a las comunidades afectadas.<\/p>\n","protected":false},"excerpt":{"rendered":"La Universidad Aut\u00f3noma de Tamaulipas (UAT) concluy\u00f3 con \u00e9xito la colecta \u201cJuntos por Guerrero\u201d, la cual logr\u00f3 reunir una importante cantidad de v\u00edveres correspondientes a la iniciativa que busca brindar apoyo a las personas afectadas por el hurac\u00e1n John. En un acto de solidaridad, diversas \u00e1reas, secretar\u00edas, escuelas, facultades y unidades acad\u00e9mica s de la","protected":false},"author":1,"featured_media":2782,"comment_status":"open","ping_status":"open","sticky":false,"template":"","format":"standard","meta":{"_monsterinsights_skip_tracking":false,"_monsterinsights_sitenote_active":false,"_monsterinsights_sitenote_note":"","_monsterinsights_sitenote_category":0,"footnotes":""},"categories":[3],"tags":[],"class_list":["post-2781","post","type-post","status-publish","format-standard","has-post-thumbnail","hentry","category-noticias"],"aioseo_notices":[],"amp_enabled":true,"_links":{"self":[{"href":"https:\/\/tamaulipasmiregion.com\/index.php?rest_route=\/wp\/v2\/posts\/2781","targetHints":{"allow":["GET"]}}],"collection":[{"href":"https:\/\/tamaulipasmiregion.com\/index.php?rest_route=\/wp\/v2\/posts"}],"about":[{"href":"https:\/\/tamaulipasmiregion.com\/index.php?rest_route=\/wp\/v2\/types\/post"}],"author":[{"embeddable":true,"href":"https:\/\/tamaulipasmiregion.com\/index.php?rest_route=\/wp\/v2\/users\/1"}],"replies":[{"embeddable":true,"href":"https:\/\/tamaulipasmiregion.com\/index.php?rest_route=%2Fwp%2Fv2%2Fcomments&post=2781"}],"version-history":[{"count":1,"href":"https:\/\/tamaulipasmiregion.com\/index.php?rest_route=\/wp\/v2\/posts\/2781\/revisions"}],"predecessor-version":[{"id":2783,"href":"https:\/\/tamaulipasmiregion.com\/index.php?rest_route=\/wp\/v2\/posts\/2781\/revisions\/2783"}],"wp:featuredmedia":[{"embeddable":true,"href":"https:\/\/tamaulipasmiregion.com\/index.php?rest_route=\/wp\/v2\/media\/2782"}],"wp:attachment":[{"href":"https:\/\/tamaulipasmiregion.com\/index.php?rest_route=%2Fwp%2Fv2%2Fmedia&parent=2781"}],"wp:term":[{"taxonomy":"category","embeddable":true,"href":"https:\/\/tamaulipasmiregion.com\/index.php?rest_route=%2Fwp%2Fv2%2Fcategories&post=2781"},{"taxonomy":"post_tag","embeddable":true,"href":"https:\/\/tamaulipasmiregion.com\/index.php?rest_route=%2Fwp%2Fv2%2Ftags&post=2781"}],"curies":[{"name":"wp","href":"https:\/\/api.w.org\/{rel}","templated":true}]}}