{"id":2785,"date":"2024-10-27T00:04:40","date_gmt":"2024-10-27T00:04:40","guid":{"rendered":"https:\/\/tamaulipasmiregion.com\/?p=2785"},"modified":"2024-11-02T00:09:14","modified_gmt":"2024-11-02T00:09:14","slug":"asamblea-de-la-uat-aprueba-nuevas-carreras-y-preparatoria-en-nuevo-laredo","status":"publish","type":"post","link":"https:\/\/tamaulipasmiregion.com\/?p=2785","title":{"rendered":"Asamblea de la UAT aprueba nuevas carreras y preparatoria en Nuevo Laredo"},"content":{"rendered":"<p>La Asamblea de la Universidad Aut\u00f3 n\u00f3ma de Tamaulipas (UAT) apr\u00f3b\u00f3 la creaci\u00f3 n de<br \/>\nd\u00f3s nuev\u00f3s pr\u00f3gramas acade mic\u00f3s y la apertura de la escuela preparat\u00f3ria de esta casa<br \/>\nde estudi\u00f3s en Nuev\u00f3 Lared\u00f3.<br \/>\nEn la sesi\u00f3 n realizada en m\u00f3d\u00f3 virtual c\u00f3n l\u00f3s asamble\u00ed stas de las 26<br \/>\ndependencias acade micas de la UAT, el rect\u00f3r Da mas\u00f3 Anaya Alvarad\u00f3 presidi\u00f3 l\u00f3s<br \/>\ntrabaj\u00f3s de este \u00f3 rgan\u00f3 c\u00f3legiad\u00f3, d\u00f3nde se ab\u00f3rdar\u00f3n temas relaci\u00f3nad\u00f3s c\u00f3n la<br \/>\nc\u00f3bertura educativa y el reglament\u00f3 del pers\u00f3nal acade mic\u00f3.<br \/>\nEn este marc\u00f3, la Asamblea Universitaria apr\u00f3b\u00f3 la apertura de la Licenciatura<br \/>\nen Ingenier\u00ed a en Ciencias de Dat\u00f3s, que impartira la Facultad de Ingenier\u00ed a y Ciencias<br \/>\nen m\u00f3dalidad n\u00f3 esc\u00f3larizada y c\u00f3n peri\u00f3dicidad cuatrimestral, que tendra vigencia a<br \/>\npartir de 2025.<br \/>\nTambie n se apr\u00f3b\u00f3 la Licenciatura en Aut\u00f3transp\u00f3rte de Carga, que \u00f3frecera la<br \/>\nFacultad de C\u00f3merci\u00f3, Administraci\u00f3 n y Ciencias S\u00f3ciales Nuev\u00f3 Lared\u00f3, cuya<br \/>\nm\u00f3dalidad sera esc\u00f3larizada y tendra peri\u00f3dicidad semestral. La vigencia sera a partir<br \/>\nde 2025.<br \/>\nEn \u00f3tr\u00f3 punt\u00f3 del \u00f3rden del d\u00ed a, se apr\u00f3b\u00f3 la apertura de la Escuela Preparat\u00f3ria<br \/>\nUAT Nuev\u00f3 Lared\u00f3, c\u00f3nf\u00f3rme al decret\u00f3 nu mer\u00f3 65-918, mediante el cual se aut\u00f3riza al<br \/>\nAyuntamient\u00f3 de Nuev\u00f3 Lared\u00f3 el c\u00f3m\u00f3dat\u00f3 de un bien inmueble pr\u00f3piedad municipal,<br \/>\nadema s de su equipamient\u00f3 a fav\u00f3r de la Universidad Aut\u00f3 n\u00f3ma de Tamaulipas, p\u00f3r el<br \/>\nte rmin\u00f3 de 20 an \u00f3s, destinad\u00f3 para la nueva preparat\u00f3ria municipal.<br \/>\nAsimism\u00f3, se aval\u00f3 la celebraci\u00f3 n del c\u00f3ntrat\u00f3 de c\u00f3m\u00f3dat\u00f3 c\u00f3n el G\u00f3biern\u00f3<br \/>\nMunicipal de Nuev\u00f3 Lared\u00f3.<br \/>\nEn la sesi\u00f3 n virtual, el rect\u00f3r Da mas\u00f3 Anaya c\u00f3ment\u00f3 que el avance en materia<br \/>\nacade mica le permitira a la UAT c\u00f3ns\u00f3lidar la calidad de l\u00f3s pr\u00f3gramas que \u00f3frece a l\u00f3s<br \/>\nj\u00f3 venes tamaulipec\u00f3s, quienes actualmente buscan \u00f3pci\u00f3nes id\u00f3 neas para f\u00f3rmarse<br \/>\npr\u00f3fesi\u00f3nalmente.<br \/>\nFinalmente, se apr\u00f3b\u00f3 una pr\u00f3puesta de ref\u00f3rma al Reglament\u00f3 del Pers\u00f3nal<br \/>\nAcade mic\u00f3, que m\u00f3difica el art\u00ed cul\u00f3 79, c\u00f3n la cual se busca beneficiar a l\u00f3s d\u00f3centes en<br \/>\nl\u00f3s pr\u00f3ces\u00f3s de categ\u00f3rizaci\u00f3 n pr\u00f3fesi\u00f3nal.<\/p>\n","protected":false},"excerpt":{"rendered":"La Asamblea de la Universidad Aut\u00f3 n\u00f3ma de Tamaulipas (UAT) apr\u00f3b\u00f3 la creaci\u00f3 n de d\u00f3s nuev\u00f3s pr\u00f3gramas acade mic\u00f3s y la apertura de la escuela preparat\u00f3ria de esta casa de estudi\u00f3s en Nuev\u00f3 Lared\u00f3. En la sesi\u00f3 n realizada en m\u00f3d\u00f3 virtual c\u00f3n l\u00f3s asamble\u00ed stas de las 26 dependencias acade micas de la","protected":false},"author":1,"featured_media":2786,"comment_status":"open","ping_status":"open","sticky":false,"template":"","format":"standard","meta":{"_monsterinsights_skip_tracking":false,"_monsterinsights_sitenote_active":false,"_monsterinsights_sitenote_note":"","_monsterinsights_sitenote_category":0,"footnotes":""},"categories":[3],"tags":[],"class_list":["post-2785","post","type-post","status-publish","format-standard","has-post-thumbnail","hentry","category-noticias"],"aioseo_notices":[],"amp_enabled":true,"_links":{"self":[{"href":"https:\/\/tamaulipasmiregion.com\/index.php?rest_route=\/wp\/v2\/posts\/2785","targetHints":{"allow":["GET"]}}],"collection":[{"href":"https:\/\/tamaulipasmiregion.com\/index.php?rest_route=\/wp\/v2\/posts"}],"about":[{"href":"https:\/\/tamaulipasmiregion.com\/index.php?rest_route=\/wp\/v2\/types\/post"}],"author":[{"embeddable":true,"href":"https:\/\/tamaulipasmiregion.com\/index.php?rest_route=\/wp\/v2\/users\/1"}],"replies":[{"embeddable":true,"href":"https:\/\/tamaulipasmiregion.com\/index.php?rest_route=%2Fwp%2Fv2%2Fcomments&post=2785"}],"version-history":[{"count":1,"href":"https:\/\/tamaulipasmiregion.com\/index.php?rest_route=\/wp\/v2\/posts\/2785\/revisions"}],"predecessor-version":[{"id":2787,"href":"https:\/\/tamaulipasmiregion.com\/index.php?rest_route=\/wp\/v2\/posts\/2785\/revisions\/2787"}],"wp:featuredmedia":[{"embeddable":true,"href":"https:\/\/tamaulipasmiregion.com\/index.php?rest_route=\/wp\/v2\/media\/2786"}],"wp:attachment":[{"href":"https:\/\/tamaulipasmiregion.com\/index.php?rest_route=%2Fwp%2Fv2%2Fmedia&parent=2785"}],"wp:term":[{"taxonomy":"category","embeddable":true,"href":"https:\/\/tamaulipasmiregion.com\/index.php?rest_route=%2Fwp%2Fv2%2Fcategories&post=2785"},{"taxonomy":"post_tag","embeddable":true,"href":"https:\/\/tamaulipasmiregion.com\/index.php?rest_route=%2Fwp%2Fv2%2Ftags&post=2785"}],"curies":[{"name":"wp","href":"https:\/\/api.w.org\/{rel}","templated":true}]}}