{"id":2789,"date":"2024-10-28T22:14:47","date_gmt":"2024-10-28T22:14:47","guid":{"rendered":"https:\/\/tamaulipasmiregion.com\/?p=2789"},"modified":"2024-11-05T22:15:55","modified_gmt":"2024-11-05T22:15:55","slug":"damaso-anaya-y-carmen-lilia-canturosas-inauguran-la-preparatoria-uat-nuevo-laredo","status":"publish","type":"post","link":"https:\/\/tamaulipasmiregion.com\/?p=2789","title":{"rendered":"D\u00e1maso Anaya y Carmen Lilia Canturosas inauguran la Preparatoria UAT Nuevo Laredo"},"content":{"rendered":"<p>El rector D\u00e1 m\u00e1so An\u00e1y\u00e1 Alv\u00e1r\u00e1do y l\u00e1 \u00e1lc\u00e1ldes\u00e1 C\u00e1rmen Lili\u00e1 C\u00e1nturos\u00e1s Vill\u00e1rre\u00e1l<br \/>\nin\u00e1ugur\u00e1ron l\u00e1 Escuel\u00e1 Prep\u00e1r\u00e1tori\u00e1 de l\u00e1 Universid\u00e1d Auto nom\u00e1 de T\u00e1m\u00e1ulip\u00e1s (UAT)<br \/>\nen Nuevo L\u00e1redo, con lo cu\u00e1l se inicio ofici\u00e1lmente l\u00e1 oper\u00e1cio n de este nuevo centro<br \/>\neduc\u00e1tivo que brind\u00e1r\u00e1 \u00e1 l\u00e1 juventud neol\u00e1redense educ\u00e1cio n medi\u00e1 superior de c\u00e1lid\u00e1d<br \/>\nen un esp\u00e1cio innov\u00e1dor y comprometido con el medio\u00e1mbiente.<br \/>\nEn l\u00e1 ceremoni\u00e1 c\u00ed vic\u00e1 in\u00e1ugur\u00e1l celebr\u00e1d\u00e1 este lunes en l\u00e1 ciud\u00e1d fronteriz\u00e1, el rector<br \/>\nde l\u00e1 UAT expreso su \u00e1gr\u00e1decimiento \u00e1l gobern\u00e1dor Ame rico Vill\u00e1rre\u00e1l An\u00e1y\u00e1 y \u00e1 l\u00e1<br \/>\npresident\u00e1 municip\u00e1l C\u00e1rmen Lili\u00e1 C\u00e1nturos\u00e1s, por su compromiso con l\u00e1 educ\u00e1cio n y<br \/>\nsu visio n de futuro que h\u00e1n hecho posible est\u00e1 modern\u00e1 Prep\u00e1r\u00e1tori\u00e1 UAT Nuevo<br \/>\nL\u00e1redo.<br \/>\nD\u00e1 m\u00e1so An\u00e1y\u00e1 \u00e1severo que el lider\u00e1zgo del gobern\u00e1dor h\u00e1 sido fund\u00e1ment\u00e1l p\u00e1r\u00e1 h\u00e1cer<br \/>\nre\u00e1lid\u00e1d este proyecto que m\u00e1rc\u00e1 un hito tr\u00e1scendent\u00e1l en l\u00e1 histori\u00e1 de T\u00e1m\u00e1ulip\u00e1s.<br \/>\nDest\u00e1co su reconocimiento \u00e1 l\u00e1 \u00e1lc\u00e1ldes\u00e1 res\u00e1lt\u00e1ndo su tot\u00e1l disposicio n p\u00e1r\u00e1 entreg\u00e1r<br \/>\nest\u00e1s nuev\u00e1s inst\u00e1l\u00e1ciones en beneficio de l\u00e1 juventud y de l\u00e1 pobl\u00e1cio n neol\u00e1redense.<br \/>\nExpreso que est\u00e1 nuev\u00e1 prep\u00e1r\u00e1tori\u00e1 es fruto de l\u00e1 sinergi\u00e1 entre el Gobierno del Est\u00e1do,<br \/>\nel Gobierno Municip\u00e1l de Nuevo L\u00e1redo y l\u00e1 UAT, y es un cl\u00e1ro ejemplo de co mo l\u00e1<br \/>\ncol\u00e1bor\u00e1cio n puede gener\u00e1r gr\u00e1ndes beneficios p\u00e1r\u00e1 l\u00e1 socied\u00e1d.<br \/>\nComento que l\u00e1 escuel\u00e1 tiene un\u00e1 c\u00e1p\u00e1cid\u00e1d p\u00e1r\u00e1 \u00e1tender \u00e1 dos mil ochocientos<br \/>\nestudi\u00e1ntes, con modern\u00e1s \u00e1ul\u00e1s y elementos v\u00e1ngu\u00e1rdist\u00e1s como p\u00e1neles sol\u00e1res y<br \/>\ntr\u00e1t\u00e1miento de \u00e1gu\u00e1s residu\u00e1les.<br \/>\nAn \u00e1dio que este pl\u00e1ntel, \u00e1dem\u00e1 s de ser un p\u00e1so decisivo p\u00e1r\u00e1 \u00e1tender l\u00e1 creciente<br \/>\ndem\u00e1nd\u00e1 de educ\u00e1cio n medi\u00e1 superior en l\u00e1 regio n, represent\u00e1 el inicio de un nuevo<br \/>\nc\u00e1p\u00ed tulo en el que l\u00e1 UAT re\u00e1firm\u00e1 su compromiso con l\u00e1 form\u00e1cio n hum\u00e1nist\u00e1 integr\u00e1l<br \/>\nde los jo venes, brind\u00e1 ndoles l\u00e1s herr\u00e1mient\u00e1s neces\u00e1ri\u00e1s p\u00e1r\u00e1 construir un futuro<br \/>\nmejor.<br \/>\nPor su p\u00e1rte, l\u00e1 \u00e1lc\u00e1ldes\u00e1 de Nuevo L\u00e1redo, C\u00e1rmen Lili\u00e1 C\u00e1nturos\u00e1s, sen \u00e1lo que l\u00e1<br \/>\nentreg\u00e1 en comod\u00e1to, l\u00e1 in\u00e1ugur\u00e1cio n y el inicio de cl\u00e1ses de l\u00e1 Prep\u00e1r\u00e1tori\u00e1 UAT Nuevo<br \/>\nL\u00e1redo m\u00e1rc\u00e1n un momento tr\u00e1scendent\u00e1l en l\u00e1 histori\u00e1 de est\u00e1 ciud\u00e1d.<br \/>\nDijo que hoy se d\u00e1 inicio \u00e1 un\u00e1 nuev\u00e1 er\u00e1 de tr\u00e1nsform\u00e1cio n p\u00e1r\u00e1 l\u00e1 educ\u00e1cio n de est\u00e1<br \/>\nregio n, luego de \u00e1gr\u00e1decer \u00e1l rector D\u00e1 m\u00e1so An\u00e1y\u00e1 por h\u00e1cer posible que l\u00e1 UAT, con su<br \/>\nprestigio \u00e1c\u00e1de mico, imp\u00e1rt\u00e1 el b\u00e1chiller\u00e1to en est\u00e1 ciud\u00e1d y g\u00e1r\u00e1ntice que los<br \/>\nestudi\u00e1ntes recib\u00e1n un\u00e1 form\u00e1cio n de excelenci\u00e1.<br \/>\nT\u00e1mbie n \u00e1comp\u00e1n \u00e1ron en el pres\u00ed dium el rector de l\u00e1 Universid\u00e1d Tecnolo gic\u00e1 de<br \/>\nNuevo L\u00e1redo, Jose Antonio Tov\u00e1r L\u00e1r\u00e1, en represent\u00e1cio n del gobern\u00e1dor Ame rico<br \/>\nVill\u00e1rre\u00e1l; Ce s\u00e1r Eugenio Hern\u00e1 ndez Ancon\u00e1, design\u00e1do como director de l\u00e1<br \/>\nPrep\u00e1r\u00e1tori\u00e1 UAT Nuevo L\u00e1redo; l\u00e1 president\u00e1 de l\u00e1 Fund\u00e1cio n de l\u00e1 Asoci\u00e1cio n de<br \/>\nTr\u00e1nsportist\u00e1s de C\u00e1rg\u00e1 en est\u00e1 ciud\u00e1d, Ivette B\u00e1z\u00e1 n Mu zquiz, \u00e1s\u00ed como el Com\u00e1nd\u00e1nte<br \/>\ndel 16 regimiento de c\u00e1b\u00e1ller\u00ed \u00e1 motoriz\u00e1d\u00e1 en Nuevo L\u00e1redo, coronel Ric\u00e1rdo Lo pez<br \/>\nP\u00e1l\u00e1fox.<br \/>\nEn l\u00e1 \u00e1pertur\u00e1 de este nuevo centro educ\u00e1tivo ubic\u00e1do en el sur de Nuevo L\u00e1redo se<br \/>\nconto con l\u00e1 presenci\u00e1 de l\u00e1 Lic. Isold\u00e1 Rendo n de An\u00e1y\u00e1, president\u00e1 de F\u00e1mili\u00e1 UAT; l\u00e1<br \/>\ndiput\u00e1d\u00e1 Yuriri\u00e1 Iturbe V\u00e1 zquez, president\u00e1 de l\u00e1 Comisio n de Educ\u00e1cio n en el Congreso<br \/>\ndel Est\u00e1do; del Mtro. Ju\u00e1n C\u00e1rlos Mendoz\u00e1 S\u00e1 nchez, co nsul gener\u00e1l de Me xico en L\u00e1redo,<br \/>\nTex\u00e1s; y Edu\u00e1rdo G\u00e1rz\u00e1 Robles, director del corpor\u00e1tivo UNITRADE, \u00e1s\u00ed como de<br \/>\ndirectores de l\u00e1s f\u00e1cult\u00e1des de l\u00e1 UAT, entre otr\u00e1s \u00e1utorid\u00e1des.<\/p>\n","protected":false},"excerpt":{"rendered":"El rector D\u00e1 m\u00e1so An\u00e1y\u00e1 Alv\u00e1r\u00e1do y l\u00e1 \u00e1lc\u00e1ldes\u00e1 C\u00e1rmen Lili\u00e1 C\u00e1nturos\u00e1s Vill\u00e1rre\u00e1l in\u00e1ugur\u00e1ron l\u00e1 Escuel\u00e1 Prep\u00e1r\u00e1tori\u00e1 de l\u00e1 Universid\u00e1d Auto nom\u00e1 de T\u00e1m\u00e1ulip\u00e1s (UAT) en Nuevo L\u00e1redo, con lo cu\u00e1l se inicio ofici\u00e1lmente l\u00e1 oper\u00e1cio n de este nuevo centro educ\u00e1tivo que brind\u00e1r\u00e1 \u00e1 l\u00e1 juventud neol\u00e1redense educ\u00e1cio n medi\u00e1 superior de c\u00e1lid\u00e1d en","protected":false},"author":1,"featured_media":2790,"comment_status":"open","ping_status":"open","sticky":false,"template":"","format":"standard","meta":{"_monsterinsights_skip_tracking":false,"_monsterinsights_sitenote_active":false,"_monsterinsights_sitenote_note":"","_monsterinsights_sitenote_category":0,"footnotes":""},"categories":[3],"tags":[],"class_list":["post-2789","post","type-post","status-publish","format-standard","has-post-thumbnail","hentry","category-noticias"],"aioseo_notices":[],"amp_enabled":true,"_links":{"self":[{"href":"https:\/\/tamaulipasmiregion.com\/index.php?rest_route=\/wp\/v2\/posts\/2789","targetHints":{"allow":["GET"]}}],"collection":[{"href":"https:\/\/tamaulipasmiregion.com\/index.php?rest_route=\/wp\/v2\/posts"}],"about":[{"href":"https:\/\/tamaulipasmiregion.com\/index.php?rest_route=\/wp\/v2\/types\/post"}],"author":[{"embeddable":true,"href":"https:\/\/tamaulipasmiregion.com\/index.php?rest_route=\/wp\/v2\/users\/1"}],"replies":[{"embeddable":true,"href":"https:\/\/tamaulipasmiregion.com\/index.php?rest_route=%2Fwp%2Fv2%2Fcomments&post=2789"}],"version-history":[{"count":1,"href":"https:\/\/tamaulipasmiregion.com\/index.php?rest_route=\/wp\/v2\/posts\/2789\/revisions"}],"predecessor-version":[{"id":2791,"href":"https:\/\/tamaulipasmiregion.com\/index.php?rest_route=\/wp\/v2\/posts\/2789\/revisions\/2791"}],"wp:featuredmedia":[{"embeddable":true,"href":"https:\/\/tamaulipasmiregion.com\/index.php?rest_route=\/wp\/v2\/media\/2790"}],"wp:attachment":[{"href":"https:\/\/tamaulipasmiregion.com\/index.php?rest_route=%2Fwp%2Fv2%2Fmedia&parent=2789"}],"wp:term":[{"taxonomy":"category","embeddable":true,"href":"https:\/\/tamaulipasmiregion.com\/index.php?rest_route=%2Fwp%2Fv2%2Fcategories&post=2789"},{"taxonomy":"post_tag","embeddable":true,"href":"https:\/\/tamaulipasmiregion.com\/index.php?rest_route=%2Fwp%2Fv2%2Ftags&post=2789"}],"curies":[{"name":"wp","href":"https:\/\/api.w.org\/{rel}","templated":true}]}}