{"id":2798,"date":"2024-11-05T22:33:27","date_gmt":"2024-11-05T22:33:27","guid":{"rendered":"https:\/\/tamaulipasmiregion.com\/?p=2798"},"modified":"2024-11-05T22:33:28","modified_gmt":"2024-11-05T22:33:28","slug":"fomenta-la-uat-tradiciones-del-dia-de-muertos","status":"publish","type":"post","link":"https:\/\/tamaulipasmiregion.com\/?p=2798","title":{"rendered":"Fomenta la UAT tradiciones del D\u00eda de Muertos"},"content":{"rendered":"<p>La Universidad Aut\u00f3 n\u00f3ma de Tamaulipas (UAT) celebr\u00f3 el tradici\u00f3nal D\u00ed a de Muert\u00f3s<br \/>\nc\u00f3n una serie de actividades \u00f3rganizadas en t\u00f3das sus dependencias acade micas y<br \/>\nadministrativas a l\u00f3 larg\u00f3 del estad\u00f3.<br \/>\nReafirmand\u00f3 el intere s p\u00f3r la preservaci\u00f3 n de las tradici\u00f3nes mexicanas y la<br \/>\nidentidad cultural, la c\u00f3munidad universitaria particip\u00f3 en la instalaci\u00f3 n de altares en<br \/>\ndiferentes escenari\u00f3s y en la realizaci\u00f3 n de c\u00f3ncurs\u00f3s de catrinas y calaveritas literarias,<br \/>\nunid\u00f3s para preservar las c\u00f3stumbres que f\u00f3rman parte de la mexicanidad y rec\u00f3rdar a<br \/>\nnuestr\u00f3s difunt\u00f3s.<br \/>\nP\u00f3r su parte, el rect\u00f3r de la UAT, Da mas\u00f3 Anaya Alvarad\u00f3, particip\u00f3 activamente<br \/>\nen l\u00f3s event\u00f3s c\u00f3nmem\u00f3rativ\u00f3s agradeciend\u00f3 la c\u00f3ntinuidad de las tradici\u00f3nes<br \/>\nmexicanas y destacand\u00f3 la imp\u00f3rtancia de l\u00f3s altares de muert\u00f3s en la cultura del pa\u00ed s.<br \/>\nDurante la instalaci\u00f3 n del altar en el Centr\u00f3 de Gesti\u00f3 n del C\u00f3n\u00f3cimient\u00f3,<br \/>\n\u00f3rganizad\u00f3 p\u00f3r Familia UAT, el rect\u00f3r se uni\u00f3 a la c\u00f3munidad universitaria en un act\u00f3<br \/>\nsimb\u00f3 lic\u00f3 que reflej\u00f3 el sentid\u00f3 de unidad y respet\u00f3 hacia l\u00f3s seres querid\u00f3s que han<br \/>\npartid\u00f3.<br \/>\nAc\u00f3mpan ad\u00f3 de su esp\u00f3sa, Is\u00f3lda Rend\u00f3 n de Anaya, presidenta de Familia UAT, el<br \/>\nrect\u00f3r menci\u00f3n\u00f3 que estas actividades simb\u00f3lizan la c\u00f3nvivencia y el c\u00f3mpr\u00f3mis\u00f3 de<br \/>\nrec\u00f3rdar a quienes ya n\u00f3 esta n.<br \/>\nAdema s, enfatiz\u00f3 que las acci\u00f3nes p\u00f3sitivas de nuestr\u00f3s seres querid\u00f3s deben ser<br \/>\nrec\u00f3rdadas c\u00f3n carin \u00f3, rec\u00f3n\u00f3ci\u00f3 la diversidad de c\u00f3stumbres y agradeci\u00f3 la<br \/>\nparticipaci\u00f3 n de t\u00f3da la c\u00f3munidad universitaria en esta celebraci\u00f3 n.<br \/>\nP\u00f3steri\u00f3rmente, Da mas\u00f3 Anaya felicit\u00f3 a t\u00f3das las dependencias que<br \/>\nparticipar\u00f3n en el magn\u00f3 event\u00f3 c\u00f3nmem\u00f3rativ\u00f3 en el Gimnasi\u00f3 Multidisciplinari\u00f3<br \/>\nVict\u00f3ria, d\u00f3nde se realiz\u00f3 la exp\u00f3sici\u00f3 n de altares de muert\u00f3s cread\u00f3s p\u00f3r equip\u00f3s de<br \/>\nlas distintas facultades, un certamen de catrinas y catrines y un c\u00f3ncurs\u00f3 de calaveritas<br \/>\nliterarias.<br \/>\nAdema s de est\u00f3s event\u00f3s, en t\u00f3d\u00f3s l\u00f3s campus de la UAT se realizar\u00f3n actividades<br \/>\nalusivas a esta festividad, c\u00f3n exhibici\u00f3nes, c\u00f3ncurs\u00f3s y presentaci\u00f3nes art\u00ed sticas,<br \/>\ndem\u00f3strand\u00f3 un esfuerz\u00f3 c\u00f3njunt\u00f3 p\u00f3r transmitir la imp\u00f3rtancia de nuestras<br \/>\ntradici\u00f3nes a t\u00f3da la c\u00f3munidad de esta casa de estudi\u00f3s.<\/p>\n","protected":false},"excerpt":{"rendered":"La Universidad Aut\u00f3 n\u00f3ma de Tamaulipas (UAT) celebr\u00f3 el tradici\u00f3nal D\u00ed a de Muert\u00f3s c\u00f3n una serie de actividades \u00f3rganizadas en t\u00f3das sus dependencias acade micas y administrativas a l\u00f3 larg\u00f3 del estad\u00f3. Reafirmand\u00f3 el intere s p\u00f3r la preservaci\u00f3 n de las tradici\u00f3nes mexicanas y la identidad cultural, la c\u00f3munidad universitaria particip\u00f3 en la","protected":false},"author":1,"featured_media":2799,"comment_status":"open","ping_status":"open","sticky":false,"template":"","format":"standard","meta":{"_monsterinsights_skip_tracking":false,"_monsterinsights_sitenote_active":false,"_monsterinsights_sitenote_note":"","_monsterinsights_sitenote_category":0,"footnotes":""},"categories":[3],"tags":[],"class_list":["post-2798","post","type-post","status-publish","format-standard","has-post-thumbnail","hentry","category-noticias"],"aioseo_notices":[],"amp_enabled":true,"_links":{"self":[{"href":"https:\/\/tamaulipasmiregion.com\/index.php?rest_route=\/wp\/v2\/posts\/2798","targetHints":{"allow":["GET"]}}],"collection":[{"href":"https:\/\/tamaulipasmiregion.com\/index.php?rest_route=\/wp\/v2\/posts"}],"about":[{"href":"https:\/\/tamaulipasmiregion.com\/index.php?rest_route=\/wp\/v2\/types\/post"}],"author":[{"embeddable":true,"href":"https:\/\/tamaulipasmiregion.com\/index.php?rest_route=\/wp\/v2\/users\/1"}],"replies":[{"embeddable":true,"href":"https:\/\/tamaulipasmiregion.com\/index.php?rest_route=%2Fwp%2Fv2%2Fcomments&post=2798"}],"version-history":[{"count":1,"href":"https:\/\/tamaulipasmiregion.com\/index.php?rest_route=\/wp\/v2\/posts\/2798\/revisions"}],"predecessor-version":[{"id":2800,"href":"https:\/\/tamaulipasmiregion.com\/index.php?rest_route=\/wp\/v2\/posts\/2798\/revisions\/2800"}],"wp:featuredmedia":[{"embeddable":true,"href":"https:\/\/tamaulipasmiregion.com\/index.php?rest_route=\/wp\/v2\/media\/2799"}],"wp:attachment":[{"href":"https:\/\/tamaulipasmiregion.com\/index.php?rest_route=%2Fwp%2Fv2%2Fmedia&parent=2798"}],"wp:term":[{"taxonomy":"category","embeddable":true,"href":"https:\/\/tamaulipasmiregion.com\/index.php?rest_route=%2Fwp%2Fv2%2Fcategories&post=2798"},{"taxonomy":"post_tag","embeddable":true,"href":"https:\/\/tamaulipasmiregion.com\/index.php?rest_route=%2Fwp%2Fv2%2Ftags&post=2798"}],"curies":[{"name":"wp","href":"https:\/\/api.w.org\/{rel}","templated":true}]}}