{"id":2801,"date":"2024-11-01T22:35:24","date_gmt":"2024-11-01T22:35:24","guid":{"rendered":"https:\/\/tamaulipasmiregion.com\/?p=2801"},"modified":"2024-11-05T22:50:49","modified_gmt":"2024-11-05T22:50:49","slug":"estudiantes-de-la-uat-destacan-en-el-certamen-estatal-de-creatividad-e-innovacion","status":"publish","type":"post","link":"https:\/\/tamaulipasmiregion.com\/?p=2801","title":{"rendered":"Implementa la UAT estrategias para fortalecer la educaci\u00f3n media superior"},"content":{"rendered":"<p>La Universidad Aut\u00f3 n\u00f3ma de Tamaulipas (UAT) trabaja en la implementaci\u00f3 n de<br \/>\nestrategias que permitan alinear la n\u00f3rmativa del nivel medi\u00f3 superi\u00f3r a las p\u00f3l\u00ed ticas<br \/>\nacade micas naci\u00f3nales, adema s de f\u00f3rtalecer la f\u00f3rmaci\u00f3 n de sus estudiantes de<br \/>\nbachillerat\u00f3.<br \/>\nC\u00f3m\u00f3 parte de las acci\u00f3nes impulsadas p\u00f3r el rect\u00f3r Da mas\u00f3 Anaya Alvarad\u00f3, se<br \/>\nhan establecid\u00f3 pr\u00f3yect\u00f3s cuy\u00f3 pr\u00f3p\u00f3 sit\u00f3 es c\u00f3ntribuir a la visi\u00f3 n humanista y<br \/>\ntransf\u00f3rmad\u00f3ra en este nivel educativ\u00f3.<br \/>\nC\u00f3n ese fin, se trabaja en pr\u00f3ces\u00f3s de actualizaci\u00f3 n de la n\u00f3rmatividad y en la<br \/>\ngeneraci\u00f3 n del Sistema de Educaci\u00f3 n Media Superi\u00f3r, iniciativas que tienen c\u00f3m\u00f3 marc\u00f3<br \/>\nel Plan de Desarr\u00f3ll\u00f3 Instituci\u00f3nal de la UAT, alineadas a la p\u00f3l\u00ed tica educativa de la<br \/>\nentidad.<br \/>\nC\u00f3n ell\u00f3, se pretende \u00f3frecer a las cinc\u00f3 preparat\u00f3rias dependientes, as\u00ed c\u00f3m\u00f3 a<br \/>\nlas ma s de cincuenta escuelas inc\u00f3rp\u00f3radas, herramientas que c\u00f3ns\u00f3liden la \u00f3ferta<br \/>\nacade mica de bachillerat\u00f3.<br \/>\nEn el c\u00f3ntext\u00f3 de la n\u00f3rmativa se c\u00f3nsideran aspect\u00f3s c\u00f3m\u00f3 el plan de estudi\u00f3s,<br \/>\nac\u00f3mpan amient\u00f3 a la trayect\u00f3ria de l\u00f3s estudiantes, l\u00f3s r\u00f3les y figuras que participan,<br \/>\nas\u00ed c\u00f3m\u00f3 disp\u00f3sici\u00f3nes que regulan l\u00f3s servici\u00f3s de bachillerat\u00f3 en las escuelas<br \/>\ninc\u00f3rp\u00f3radas.<br \/>\nEn tant\u00f3 que la creaci\u00f3 n del Sistema de Educaci\u00f3 n Media Superi\u00f3r es p\u00f3r la<br \/>\nnecesidad de d\u00f3tar a este nivel educativ\u00f3 de las herramientas, estructura, pr\u00f3ces\u00f3s e<br \/>\ninn\u00f3vaci\u00f3nes necesarias para garantizar la calidad acade mica que respalde l\u00f3s servici\u00f3s<br \/>\nque se brindan a l\u00f3s estudiantes.<br \/>\nEntre \u00f3tras estrategias, se busca incrementar la capacidad para atender la<br \/>\ndemanda de bachillerat\u00f3 mediante la creaci\u00f3 n de nuevas preparat\u00f3rias, adema s de<br \/>\nm\u00f3dalidades en l\u00ed nea y mixta.<br \/>\nSe pretende c\u00f3ns\u00f3lidar la \u00f3ferta de bachillerat\u00f3 bilingu e para dar a l\u00f3s estudiantes<br \/>\nma s herramientas que les ayuden durante su f\u00f3rmaci\u00f3 n pr\u00f3fesi\u00f3nal; as\u00ed c\u00f3m\u00f3 tambie n<br \/>\nlas m\u00f3dalidades en l\u00ed nea y mixtas para c\u00f3ntribuir a la disminuci\u00f3 n del rezag\u00f3 en este<br \/>\nnivel educativ\u00f3, fav\u00f3reciend\u00f3 tant\u00f3 a j\u00f3 venes y a adult\u00f3s que p\u00f3r alguna situaci\u00f3 n de<br \/>\nvulnerabilidad n\u00f3 l\u00f3grar\u00f3n c\u00f3ncluir el bachillerat\u00f3 en tiemp\u00f3 y f\u00f3rma.<\/p>\n","protected":false},"excerpt":{"rendered":"La Universidad Aut\u00f3 n\u00f3ma de Tamaulipas (UAT) trabaja en la implementaci\u00f3 n de estrategias que permitan alinear la n\u00f3rmativa del nivel medi\u00f3 superi\u00f3r a las p\u00f3l\u00ed ticas acade micas naci\u00f3nales, adema s de f\u00f3rtalecer la f\u00f3rmaci\u00f3 n de sus estudiantes de bachillerat\u00f3. C\u00f3m\u00f3 parte de las acci\u00f3nes impulsadas p\u00f3r el rect\u00f3r Da mas\u00f3 Anaya Alvarad\u00f3,","protected":false},"author":1,"featured_media":2820,"comment_status":"open","ping_status":"open","sticky":false,"template":"","format":"standard","meta":{"_monsterinsights_skip_tracking":false,"_monsterinsights_sitenote_active":false,"_monsterinsights_sitenote_note":"","_monsterinsights_sitenote_category":0,"footnotes":""},"categories":[3],"tags":[],"class_list":["post-2801","post","type-post","status-publish","format-standard","has-post-thumbnail","hentry","category-noticias"],"aioseo_notices":[],"amp_enabled":true,"_links":{"self":[{"href":"https:\/\/tamaulipasmiregion.com\/index.php?rest_route=\/wp\/v2\/posts\/2801","targetHints":{"allow":["GET"]}}],"collection":[{"href":"https:\/\/tamaulipasmiregion.com\/index.php?rest_route=\/wp\/v2\/posts"}],"about":[{"href":"https:\/\/tamaulipasmiregion.com\/index.php?rest_route=\/wp\/v2\/types\/post"}],"author":[{"embeddable":true,"href":"https:\/\/tamaulipasmiregion.com\/index.php?rest_route=\/wp\/v2\/users\/1"}],"replies":[{"embeddable":true,"href":"https:\/\/tamaulipasmiregion.com\/index.php?rest_route=%2Fwp%2Fv2%2Fcomments&post=2801"}],"version-history":[{"count":2,"href":"https:\/\/tamaulipasmiregion.com\/index.php?rest_route=\/wp\/v2\/posts\/2801\/revisions"}],"predecessor-version":[{"id":2822,"href":"https:\/\/tamaulipasmiregion.com\/index.php?rest_route=\/wp\/v2\/posts\/2801\/revisions\/2822"}],"wp:featuredmedia":[{"embeddable":true,"href":"https:\/\/tamaulipasmiregion.com\/index.php?rest_route=\/wp\/v2\/media\/2820"}],"wp:attachment":[{"href":"https:\/\/tamaulipasmiregion.com\/index.php?rest_route=%2Fwp%2Fv2%2Fmedia&parent=2801"}],"wp:term":[{"taxonomy":"category","embeddable":true,"href":"https:\/\/tamaulipasmiregion.com\/index.php?rest_route=%2Fwp%2Fv2%2Fcategories&post=2801"},{"taxonomy":"post_tag","embeddable":true,"href":"https:\/\/tamaulipasmiregion.com\/index.php?rest_route=%2Fwp%2Fv2%2Ftags&post=2801"}],"curies":[{"name":"wp","href":"https:\/\/api.w.org\/{rel}","templated":true}]}}