{"id":2813,"date":"2024-11-04T22:43:25","date_gmt":"2024-11-04T22:43:25","guid":{"rendered":"https:\/\/tamaulipasmiregion.com\/?p=2813"},"modified":"2024-11-05T22:44:16","modified_gmt":"2024-11-05T22:44:16","slug":"estudiantes-de-la-uat-destacan-en-el-certamen-estatal-de-creatividad-e-innovacion-2","status":"publish","type":"post","link":"https:\/\/tamaulipasmiregion.com\/?p=2813","title":{"rendered":"Estudiantes de la UAT destacan en el certamen estatal de creatividad e innovaci\u00f3n"},"content":{"rendered":"<p>Estudiantes de la Universidad Aut\u00f3 n\u00f3ma de Tamaulipas (UAT) presentar\u00f3n c\u00f3n e xit\u00f3 su<br \/>\npr\u00f3yect\u00f3 s\u00f3bre el desarr\u00f3ll\u00f3 de un fa rmac\u00f3 natural que ayude en el tratamient\u00f3 de la<br \/>\ndiabetes, al participar en el 26 Certamen de Creatividad e Inn\u00f3vaci\u00f3 n Tecn\u00f3l\u00f3 gica Exp\u00f3<br \/>\nCiencias Tamaulipas.<br \/>\nMar\u00ed a Fernanda Quint\u00f3s Pl\u00f3neda y J\u00f3se R\u00f3ma n Trej\u00f3 M\u00f3rales, estudiantes de la<br \/>\ncarrera de Ingenier\u00ed a en Bi\u00f3qu\u00ed mica Industrial en la Unidad Acade mica<br \/>\nMultidisciplinaria Mante, ases\u00f3rad\u00f3s p\u00f3r su pr\u00f3fes\u00f3r, el Ing. Ad\u00f3nis Albert\u00f3 Mend\u00f3za<br \/>\nC\u00f3nde, l\u00f3grar\u00f3n el segund\u00f3 lugar del c\u00f3ncurs\u00f3 y pasar\u00f3n a la etapa naci\u00f3nal, a realizarse<br \/>\nen Villaherm\u00f3sa, Tabasc\u00f3.<br \/>\nEn el marc\u00f3 del event\u00f3 celebrad\u00f3 en esta capital, l\u00f3s j\u00f3 venes y su ases\u00f3r<br \/>\nrecibier\u00f3n el premi\u00f3 de man\u00f3s del g\u00f3bernad\u00f3r Ame ric\u00f3 Villarreal Anaya, ac\u00f3mpan ad\u00f3s<br \/>\np\u00f3r el rect\u00f3r de la UAT, Da mas\u00f3 Anaya Alvarad\u00f3, quien l\u00f3s felicit\u00f3 p\u00f3r este imp\u00f3rtante<br \/>\nl\u00f3gr\u00f3.<br \/>\nEntrevistad\u00f3s durante la exp\u00f3sici\u00f3 n del pr\u00f3yect\u00f3, explicar\u00f3n el pr\u00f3p\u00f3 sit\u00f3 de<br \/>\ndesarr\u00f3llar un fa rmac\u00f3 natural que ayude en el tratamient\u00f3 de la diabetes mellitus tip\u00f3<br \/>\n2 y l\u00f3gre un c\u00f3ntr\u00f3l eficaz y s\u00f3stenid\u00f3 de l\u00f3s niveles de gluc\u00f3sa en la sangre.<br \/>\nEl pr\u00f3fes\u00f3r Ad\u00f3nis Mend\u00f3za dij\u00f3 que se tiene tambie n el \u00f3bjetiv\u00f3 de minimizar l\u00f3s<br \/>\nefect\u00f3s secundari\u00f3s as\u00f3ciad\u00f3s a l\u00f3s tratamient\u00f3s que usan medicinas de \u00f3rigen qu\u00ed mic\u00f3.<br \/>\nRefiri\u00f3 que el medicament\u00f3 p\u00f3dr\u00ed a mej\u00f3rar la sensibilidad a la insulina y la salud<br \/>\ngeneral del paciente, ya que apr\u00f3vecha c\u00f3mpuest\u00f3s bi\u00f3activ\u00f3s de la planta c\u00f3n\u00f3cida<br \/>\nc\u00f3m\u00f3 Euphorbia spp.<br \/>\nP\u00f3r su parte, Mar\u00ed a Fernanda Quint\u00f3s y J\u00f3se R\u00f3ma n Trej\u00f3 menci\u00f3nar\u00f3n que,<br \/>\napr\u00f3vechand\u00f3 l\u00f3s c\u00f3mpuest\u00f3s bi\u00f3activ\u00f3s extra\u00ed d\u00f3s de la Euphorbia, que s\u00f3n<br \/>\nanti\u00f3xidantes, fen\u00f3les y flav\u00f3n\u00f3ides, se busca un tratamient\u00f3 hip\u00f3glucemiante para<br \/>\ndisminuir la c\u00f3ncentraci\u00f3 n de gluc\u00f3sa en la sangre.<br \/>\nExplicar\u00f3n que se hiz\u00f3 un ana lisis fit\u00f3qu\u00ed mic\u00f3 de esta planta identificand\u00f3 es\u00f3s<br \/>\nc\u00f3mpuest\u00f3s activ\u00f3s, y que en las fases experimentales \u00f3bservar\u00f3n que, usand\u00f3 el<br \/>\ntratamient\u00f3, se abs\u00f3rbe ma s de la mitad del almid\u00f3 n \u00f3 carb\u00f3hidrat\u00f3s que c\u00f3nsume un<br \/>\npaciente, y al t\u00f3rrente sangu\u00ed ne\u00f3 entra s\u00f3l\u00f3 el 47% que se desc\u00f3mp\u00f3ne en azu cares<br \/>\nsimples, adema s de presentar una inhibici\u00f3 n en cuant\u00f3 a l\u00f3s pic\u00f3s de gluc\u00f3sa en la<br \/>\nsangre.<br \/>\nDetallar\u00f3n que se estara n haciend\u00f3 \u00f3tr\u00f3s ensay\u00f3s para evaluar la capacidad de l\u00f3s<br \/>\nextract\u00f3s de la planta y su p\u00f3rcentaje de actividad hip\u00f3glucemiante, c\u00f3n la finalidad<br \/>\ntambie n de generar un fa rmac\u00f3 de baj\u00f3 c\u00f3st\u00f3 que pr\u00f3teja las ce lulas del pa ncreas y<br \/>\nayude a reducir l\u00f3s efect\u00f3s secundari\u00f3s del us\u00f3 de pr\u00f3duct\u00f3s qu\u00ed mic\u00f3s.<\/p>\n","protected":false},"excerpt":{"rendered":"Estudiantes de la Universidad Aut\u00f3 n\u00f3ma de Tamaulipas (UAT) presentar\u00f3n c\u00f3n e xit\u00f3 su pr\u00f3yect\u00f3 s\u00f3bre el desarr\u00f3ll\u00f3 de un fa rmac\u00f3 natural que ayude en el tratamient\u00f3 de la diabetes, al participar en el 26 Certamen de Creatividad e Inn\u00f3vaci\u00f3 n Tecn\u00f3l\u00f3 gica Exp\u00f3 Ciencias Tamaulipas. Mar\u00ed a Fernanda Quint\u00f3s Pl\u00f3neda y J\u00f3se R\u00f3ma","protected":false},"author":1,"featured_media":2814,"comment_status":"open","ping_status":"open","sticky":false,"template":"","format":"standard","meta":{"_monsterinsights_skip_tracking":false,"_monsterinsights_sitenote_active":false,"_monsterinsights_sitenote_note":"","_monsterinsights_sitenote_category":0,"footnotes":""},"categories":[3],"tags":[],"class_list":["post-2813","post","type-post","status-publish","format-standard","has-post-thumbnail","hentry","category-noticias"],"aioseo_notices":[],"amp_enabled":true,"_links":{"self":[{"href":"https:\/\/tamaulipasmiregion.com\/index.php?rest_route=\/wp\/v2\/posts\/2813","targetHints":{"allow":["GET"]}}],"collection":[{"href":"https:\/\/tamaulipasmiregion.com\/index.php?rest_route=\/wp\/v2\/posts"}],"about":[{"href":"https:\/\/tamaulipasmiregion.com\/index.php?rest_route=\/wp\/v2\/types\/post"}],"author":[{"embeddable":true,"href":"https:\/\/tamaulipasmiregion.com\/index.php?rest_route=\/wp\/v2\/users\/1"}],"replies":[{"embeddable":true,"href":"https:\/\/tamaulipasmiregion.com\/index.php?rest_route=%2Fwp%2Fv2%2Fcomments&post=2813"}],"version-history":[{"count":1,"href":"https:\/\/tamaulipasmiregion.com\/index.php?rest_route=\/wp\/v2\/posts\/2813\/revisions"}],"predecessor-version":[{"id":2815,"href":"https:\/\/tamaulipasmiregion.com\/index.php?rest_route=\/wp\/v2\/posts\/2813\/revisions\/2815"}],"wp:featuredmedia":[{"embeddable":true,"href":"https:\/\/tamaulipasmiregion.com\/index.php?rest_route=\/wp\/v2\/media\/2814"}],"wp:attachment":[{"href":"https:\/\/tamaulipasmiregion.com\/index.php?rest_route=%2Fwp%2Fv2%2Fmedia&parent=2813"}],"wp:term":[{"taxonomy":"category","embeddable":true,"href":"https:\/\/tamaulipasmiregion.com\/index.php?rest_route=%2Fwp%2Fv2%2Fcategories&post=2813"},{"taxonomy":"post_tag","embeddable":true,"href":"https:\/\/tamaulipasmiregion.com\/index.php?rest_route=%2Fwp%2Fv2%2Ftags&post=2813"}],"curies":[{"name":"wp","href":"https:\/\/api.w.org\/{rel}","templated":true}]}}