{"id":2824,"date":"2024-11-06T15:31:49","date_gmt":"2024-11-06T15:31:49","guid":{"rendered":"https:\/\/tamaulipasmiregion.com\/?p=2824"},"modified":"2024-11-12T15:32:54","modified_gmt":"2024-11-12T15:32:54","slug":"queremos-que-nuestros-estudiantes-sean-lideres-con-un-profundo-sentido-humanista-damaso-anaya","status":"publish","type":"post","link":"https:\/\/tamaulipasmiregion.com\/?p=2824","title":{"rendered":"Queremos que nuestros estudiantes sean l\u00edderes con un profundo sentido humanista: D\u00e1maso Anaya"},"content":{"rendered":"<p>\u2022 Inaugura el rector de la UAT el Primer Taller de Liderazgo Juvenil \u201cRompiendo<br \/>\nBarreras: Humanismo Transformador\u201d ante cientos de estudiantes en el Centro<br \/>\nUniversitario de Victoria.<br \/>\nEl rector D\u00e1 m\u00e1so An\u00e1y\u00e1 Alv\u00e1r\u00e1do re\u00e1firmo el propo sito de foment\u00e1r en l\u00e1s y los<br \/>\nestudi\u00e1ntes de l\u00e1 Universid\u00e1d Auto nom\u00e1 de T\u00e1m\u00e1ulip\u00e1s (UAT) l\u00e1s herr\u00e1mient\u00e1s<br \/>\nneces\u00e1ri\u00e1s p\u00e1r\u00e1 convertirlos en \u00e1gentes de c\u00e1mbio en l\u00e1 socied\u00e1d y que \u00e1sum\u00e1n el<br \/>\ncompromiso de ser l\u00ed deres con un profundo sentido hum\u00e1nist\u00e1, c\u00e1p\u00e1ces de tr\u00e1nsform\u00e1r<br \/>\nsu vid\u00e1 y el entorno.<br \/>\nAnte cientos de estudi\u00e1ntes en el C\u00e1mpus Victori\u00e1, D\u00e1 m\u00e1so An\u00e1y\u00e1 puso en<br \/>\nm\u00e1rch\u00e1 el Primer T\u00e1ller de Lider\u00e1zgo Juvenil \u201cRompiendo B\u00e1rrer\u00e1s: Hum\u00e1nismo<br \/>\nTr\u00e1nsform\u00e1dor UAT\u201d, y expreso que este evento es, precis\u00e1mente, un\u00e1 de es\u00e1s<br \/>\nherr\u00e1mient\u00e1s con l\u00e1s cu\u00e1les se pretende que los jo venes exploren, descubr\u00e1n y<br \/>\npotenci\u00e1licen sus t\u00e1lentos.<br \/>\nEn este sentido, rec\u00e1lco que l\u00e1 Universid\u00e1d se enorgullece de ofrecer estos<br \/>\nesp\u00e1cios p\u00e1r\u00e1 su form\u00e1cio n integr\u00e1l, porque no solo se busc\u00e1 prep\u00e1r\u00e1r profesionist\u00e1s de<br \/>\n\u00e1lt\u00e1 c\u00e1lid\u00e1d \u00e1c\u00e1de mic\u00e1, sino t\u00e1mbie n ciud\u00e1d\u00e1nos comprometidos con el bienest\u00e1r<br \/>\nsoci\u00e1l.<br \/>\nEnf\u00e1tizo que este t\u00e1ller es un esp\u00e1cio p\u00e1r\u00e1 promover v\u00e1lores como l\u00e1 emp\u00e1t\u00ed \u00e1, el<br \/>\nrespeto y l\u00e1 bu squed\u00e1 del bien comu n, por lo que exhorto \u00e1 los jo venes \u00e1 \u00e1provech\u00e1r l\u00e1s<br \/>\nexperienci\u00e1s y l\u00e1 histori\u00e1 de vid\u00e1 de c\u00e1d\u00e1 uno de los expositores, quienes t\u00e1mbie n,<br \/>\nsiendo jo venes, h\u00e1n logr\u00e1do dest\u00e1c\u00e1r en distint\u00e1s \u00e1 re\u00e1s.<br \/>\nEl rector D\u00e1 m\u00e1so An\u00e1y\u00e1 puntu\u00e1lizo que con este Primer T\u00e1ller de Lider\u00e1zgo<br \/>\nJuvenil se busc\u00e1 sembr\u00e1r en los jo venes l\u00e1 conviccio n de que el lider\u00e1zgo no es un\u00e1 met\u00e1,<br \/>\nsino un c\u00e1mino de servicio, un c\u00e1mino que dem\u00e1nd\u00e1 esfuerzo, emp\u00e1t\u00ed \u00e1 y compromiso<br \/>\nconst\u00e1nte.<br \/>\nPor su p\u00e1rte, el secret\u00e1rio de Comunic\u00e1cio n y Difusio n de l\u00e1 UAT, M\u00e1nuel M\u00e1rio<br \/>\nAguil\u00e1r Gonz\u00e1 lez, expuso que este encuentro se des\u00e1rroll\u00e1 b\u00e1jo l\u00e1 visio n del rector<br \/>\nD\u00e1 m\u00e1so An\u00e1y\u00e1, en el sentido de foment\u00e1r el lider\u00e1zgo hum\u00e1nist\u00e1 y tr\u00e1nsform\u00e1dor,<br \/>\nvie ndolo desde l\u00e1 perspectiv\u00e1 que no solo impuls\u00e1 los logros individu\u00e1les, sino que<br \/>\nt\u00e1mbie n contribuye \u00e1 mejor\u00e1r el bienest\u00e1r de tod\u00e1s y todos.<br \/>\nEn el des\u00e1rrollo del evento p\u00e1rticip\u00e1ron Dyl\u00e1n Puebl\u00e1, consultor de im\u00e1gen pu blic\u00e1;<br \/>\nGuillermo Guzm\u00e1 n, instructor de lider\u00e1zgo; P\u00e1trici\u00e1 Estr\u00e1d\u00e1, med\u00e1llist\u00e1 de pl\u00e1t\u00e1 en l\u00e1s<br \/>\nOlimpi\u00e1d\u00e1s N\u00e1cion\u00e1les 2024, en l\u00e1 disciplin\u00e1 del t\u00e1ekwondo; Ce s\u00e1r V\u00e1llejo, segundo<br \/>\nlug\u00e1r del CrossFit Norte\u00e1me ric\u00e1, ex\u00e1lumno y profesor de l\u00e1 UAT; y K\u00e1nkel Gu\u00e1j\u00e1rdo,<br \/>\nmu sico y c\u00e1nt\u00e1nte egres\u00e1do de l\u00e1 UAT.<\/p>\n","protected":false},"excerpt":{"rendered":"\u2022 Inaugura el rector de la UAT el Primer Taller de Liderazgo Juvenil \u201cRompiendo Barreras: Humanismo Transformador\u201d ante cientos de estudiantes en el Centro Universitario de Victoria. El rector D\u00e1 m\u00e1so An\u00e1y\u00e1 Alv\u00e1r\u00e1do re\u00e1firmo el propo sito de foment\u00e1r en l\u00e1s y los estudi\u00e1ntes de l\u00e1 Universid\u00e1d Auto nom\u00e1 de T\u00e1m\u00e1ulip\u00e1s (UAT) l\u00e1s herr\u00e1mient\u00e1s neces\u00e1ri\u00e1s","protected":false},"author":1,"featured_media":2825,"comment_status":"open","ping_status":"open","sticky":false,"template":"","format":"standard","meta":{"_monsterinsights_skip_tracking":false,"_monsterinsights_sitenote_active":false,"_monsterinsights_sitenote_note":"","_monsterinsights_sitenote_category":0,"footnotes":""},"categories":[3],"tags":[],"class_list":["post-2824","post","type-post","status-publish","format-standard","has-post-thumbnail","hentry","category-noticias"],"aioseo_notices":[],"amp_enabled":true,"_links":{"self":[{"href":"https:\/\/tamaulipasmiregion.com\/index.php?rest_route=\/wp\/v2\/posts\/2824","targetHints":{"allow":["GET"]}}],"collection":[{"href":"https:\/\/tamaulipasmiregion.com\/index.php?rest_route=\/wp\/v2\/posts"}],"about":[{"href":"https:\/\/tamaulipasmiregion.com\/index.php?rest_route=\/wp\/v2\/types\/post"}],"author":[{"embeddable":true,"href":"https:\/\/tamaulipasmiregion.com\/index.php?rest_route=\/wp\/v2\/users\/1"}],"replies":[{"embeddable":true,"href":"https:\/\/tamaulipasmiregion.com\/index.php?rest_route=%2Fwp%2Fv2%2Fcomments&post=2824"}],"version-history":[{"count":1,"href":"https:\/\/tamaulipasmiregion.com\/index.php?rest_route=\/wp\/v2\/posts\/2824\/revisions"}],"predecessor-version":[{"id":2826,"href":"https:\/\/tamaulipasmiregion.com\/index.php?rest_route=\/wp\/v2\/posts\/2824\/revisions\/2826"}],"wp:featuredmedia":[{"embeddable":true,"href":"https:\/\/tamaulipasmiregion.com\/index.php?rest_route=\/wp\/v2\/media\/2825"}],"wp:attachment":[{"href":"https:\/\/tamaulipasmiregion.com\/index.php?rest_route=%2Fwp%2Fv2%2Fmedia&parent=2824"}],"wp:term":[{"taxonomy":"category","embeddable":true,"href":"https:\/\/tamaulipasmiregion.com\/index.php?rest_route=%2Fwp%2Fv2%2Fcategories&post=2824"},{"taxonomy":"post_tag","embeddable":true,"href":"https:\/\/tamaulipasmiregion.com\/index.php?rest_route=%2Fwp%2Fv2%2Ftags&post=2824"}],"curies":[{"name":"wp","href":"https:\/\/api.w.org\/{rel}","templated":true}]}}