{"id":2830,"date":"2024-11-08T23:41:04","date_gmt":"2024-11-08T23:41:04","guid":{"rendered":"https:\/\/tamaulipasmiregion.com\/?p=2830"},"modified":"2024-11-12T23:42:00","modified_gmt":"2024-11-12T23:42:00","slug":"vanza-la-uat-en-el-proyecto-de-acreditar-todos-sus-programas-educativos","status":"publish","type":"post","link":"https:\/\/tamaulipasmiregion.com\/?p=2830","title":{"rendered":"vanza la UAT en el proyecto de acreditar todos sus programas educativos"},"content":{"rendered":"<p>A<br \/>\nAl encabezar una reuni\u00f3 n virtual para la evaluaci\u00f3 n y reacreditaci\u00f3 n de tres<br \/>\nlicenciaturas de la Facultad de C\u00f3merci\u00f3 y Administraci\u00f3 n Vict\u00f3ria (FCAV), el rect\u00f3r<br \/>\nDa mas\u00f3 Anaya Alvarad\u00f3 asegur\u00f3 que la Universidad Aut\u00f3 n\u00f3ma de Tamaulipas (UAT) ha<br \/>\nintensificad\u00f3 el trabaj\u00f3 para l\u00f3grar c\u00f3ns\u00f3lidar la calidad acade mica de t\u00f3d\u00f3s sus<br \/>\npr\u00f3gramas educativ\u00f3s.<br \/>\nAc\u00f3mpan ad\u00f3 del direct\u00f3r de la FCAV, Jesu s Gerard\u00f3 Delgad\u00f3 Rivas, el rect\u00f3r de la<br \/>\nUAT resalt\u00f3 la imp\u00f3rtancia de l\u00f3s trabaj\u00f3s del C\u00f3nsej\u00f3 de Acreditaci\u00f3 n de Ciencias<br \/>\nAdministrativas, C\u00f3ntables y Afines (CACECA) para reacreditar las carreras de C\u00f3ntad\u00f3r<br \/>\nPu blic\u00f3, Licenciad\u00f3 en Administraci\u00f3 n y Licenciad\u00f3 en Tecn\u00f3l\u00f3g\u00ed as de la Inf\u00f3rmaci\u00f3 n<br \/>\nque \u00f3ferta este plantel universitari\u00f3.<br \/>\nDestac\u00f3 que, actualmente, la Universidad cuenta c\u00f3n la may\u00f3r\u00ed a de sus carreras<br \/>\nrec\u00f3n\u00f3cidas p\u00f3r su calidad y trabaja de manera permanente c\u00f3n la meta de certificar el<br \/>\ncien p\u00f3r cient\u00f3 de sus pr\u00f3gramas de licenciatura.<br \/>\nAsimism\u00f3, felicit\u00f3 a la c\u00f3munidad universitaria de la Facultad de C\u00f3merci\u00f3 de<br \/>\nVict\u00f3ria p\u00f3r l\u00f3grar acreditar t\u00f3d\u00f3s sus pr\u00f3gramas educativ\u00f3s, a la par de un increment\u00f3<br \/>\ndel trece p\u00f3r cient\u00f3 en su matr\u00ed cula de nuev\u00f3 ingres\u00f3, misma que es atendida en<br \/>\npr\u00f3gramas de calidad.<br \/>\nPuntualiz\u00f3 que est\u00f3s imp\u00f3rtantes esfuerz\u00f3s acade mic\u00f3s pr\u00f3yectan a la UAT a<br \/>\niniciar pr\u00f3ces\u00f3s de acreditaci\u00f3 n internaci\u00f3nal y avanzar tambie n en la f\u00f3rmaci\u00f3 n dual<br \/>\nde l\u00f3s estudiantes, mediante la maduraci\u00f3 n y c\u00f3ns\u00f3lidaci\u00f3 n de l\u00f3s disen \u00f3s curriculares.<br \/>\nP\u00f3r su parte, el direct\u00f3r de la FCAV, Jesu s Gerard\u00f3 Delgad\u00f3 Rivas, dij\u00f3 que este<br \/>\npr\u00f3ces\u00f3 tiene c\u00f3m\u00f3 pr\u00f3p\u00f3 sit\u00f3 garantizar la excelencia acade mica y permite refrendar<br \/>\nel c\u00f3mpr\u00f3mis\u00f3 de f\u00f3rmar pr\u00f3fesi\u00f3nistas \u00ed ntegr\u00f3s c\u00f3n un sentid\u00f3 humanista, que sean<br \/>\npart\u00ed cipes en la transf\u00f3rmaci\u00f3 n s\u00f3cial.<br \/>\nP\u00f3r parte del CACECA, presidi\u00f3 l\u00f3s trabaj\u00f3s el c\u00f3\u00f3rdinad\u00f3r general de l\u00f3s C\u00f3mite s<br \/>\nde Pares Evaluad\u00f3res, Dr. Luis Sua rez Pe rez; y p\u00f3r la UAT, se c\u00f3nt\u00f3 c\u00f3n la presencia de<br \/>\nla secretaria acade mica de la UAT, Dra. R\u00f3sa Issel Ac\u00f3sta G\u00f3nza lez, y c\u00f3\u00f3rdinad\u00f3res de<br \/>\ncarrera.<\/p>\n","protected":false},"excerpt":{"rendered":"A Al encabezar una reuni\u00f3 n virtual para la evaluaci\u00f3 n y reacreditaci\u00f3 n de tres licenciaturas de la Facultad de C\u00f3merci\u00f3 y Administraci\u00f3 n Vict\u00f3ria (FCAV), el rect\u00f3r Da mas\u00f3 Anaya Alvarad\u00f3 asegur\u00f3 que la Universidad Aut\u00f3 n\u00f3ma de Tamaulipas (UAT) ha intensificad\u00f3 el trabaj\u00f3 para l\u00f3grar c\u00f3ns\u00f3lidar la calidad acade mica de t\u00f3d\u00f3s","protected":false},"author":1,"featured_media":2831,"comment_status":"open","ping_status":"open","sticky":false,"template":"","format":"standard","meta":{"_monsterinsights_skip_tracking":false,"_monsterinsights_sitenote_active":false,"_monsterinsights_sitenote_note":"","_monsterinsights_sitenote_category":0,"footnotes":""},"categories":[3],"tags":[],"class_list":["post-2830","post","type-post","status-publish","format-standard","has-post-thumbnail","hentry","category-noticias"],"aioseo_notices":[],"amp_enabled":true,"_links":{"self":[{"href":"https:\/\/tamaulipasmiregion.com\/index.php?rest_route=\/wp\/v2\/posts\/2830","targetHints":{"allow":["GET"]}}],"collection":[{"href":"https:\/\/tamaulipasmiregion.com\/index.php?rest_route=\/wp\/v2\/posts"}],"about":[{"href":"https:\/\/tamaulipasmiregion.com\/index.php?rest_route=\/wp\/v2\/types\/post"}],"author":[{"embeddable":true,"href":"https:\/\/tamaulipasmiregion.com\/index.php?rest_route=\/wp\/v2\/users\/1"}],"replies":[{"embeddable":true,"href":"https:\/\/tamaulipasmiregion.com\/index.php?rest_route=%2Fwp%2Fv2%2Fcomments&post=2830"}],"version-history":[{"count":1,"href":"https:\/\/tamaulipasmiregion.com\/index.php?rest_route=\/wp\/v2\/posts\/2830\/revisions"}],"predecessor-version":[{"id":2832,"href":"https:\/\/tamaulipasmiregion.com\/index.php?rest_route=\/wp\/v2\/posts\/2830\/revisions\/2832"}],"wp:featuredmedia":[{"embeddable":true,"href":"https:\/\/tamaulipasmiregion.com\/index.php?rest_route=\/wp\/v2\/media\/2831"}],"wp:attachment":[{"href":"https:\/\/tamaulipasmiregion.com\/index.php?rest_route=%2Fwp%2Fv2%2Fmedia&parent=2830"}],"wp:term":[{"taxonomy":"category","embeddable":true,"href":"https:\/\/tamaulipasmiregion.com\/index.php?rest_route=%2Fwp%2Fv2%2Fcategories&post=2830"},{"taxonomy":"post_tag","embeddable":true,"href":"https:\/\/tamaulipasmiregion.com\/index.php?rest_route=%2Fwp%2Fv2%2Ftags&post=2830"}],"curies":[{"name":"wp","href":"https:\/\/api.w.org\/{rel}","templated":true}]}}