{"id":2833,"date":"2024-11-09T23:43:20","date_gmt":"2024-11-09T23:43:20","guid":{"rendered":"https:\/\/tamaulipasmiregion.com\/?p=2833"},"modified":"2024-11-12T23:44:20","modified_gmt":"2024-11-12T23:44:20","slug":"estudiantes-de-la-uat-exponen-su-talento-en-el-concurso-de-interpretes","status":"publish","type":"post","link":"https:\/\/tamaulipasmiregion.com\/?p=2833","title":{"rendered":"Estudiantes de la UAT exponen su talento en el Concurso de Int\u00e9rpretes"},"content":{"rendered":"<p>La Universidad Aut\u00f3 n\u00f3ma de Tamaulipas (UAT) celebr\u00f3 la de cima primera edici\u00f3 n del<br \/>\nC\u00f3ncurs\u00f3 de Inte rpretes Universitari\u00f3s en su etapa regi\u00f3nal z\u00f3na centr\u00f3, d\u00f3nde<br \/>\nestudiantes de sus diversas facultades, unidades acade micas y escuelas ubicadas en<br \/>\nCiudad Vict\u00f3ria dem\u00f3strar\u00f3n su talent\u00f3 y pasi\u00f3 n p\u00f3r el cant\u00f3.<br \/>\nLa c\u00f3mpetencia n\u00f3 s\u00f3l\u00f3 destac\u00f3 las habilidades art\u00ed sticas de sus participantes,<br \/>\nsin\u00f3 que reafirm\u00f3 el c\u00f3mpr\u00f3mis\u00f3 instituci\u00f3nal p\u00f3r f\u00f3mentar el desarr\u00f3ll\u00f3 integral<br \/>\nestudiantil mediante actividades art\u00ed sticas y culturales, c\u00f3m\u00f3 as\u00ed l\u00f3 ha manifestad\u00f3 el<br \/>\nrect\u00f3r Da mas\u00f3 Anaya Alvarad\u00f3 al ap\u00f3yar estas iniciativas universitarias.<br \/>\nQuienes l\u00f3grar\u00f3n l\u00f3s primer\u00f3s lugares en el c\u00f3ncurs\u00f3 fuer\u00f3n rec\u00f3n\u00f3cid\u00f3s c\u00f3n<br \/>\nest\u00ed mul\u00f3s ec\u00f3n\u00f3 mic\u00f3s y la \u00f3p\u00f3rtunidad de representar a la UAT en la pr\u00f3 xima final<br \/>\nestatal.<br \/>\nEl primer lugar fue \u00f3btenid\u00f3 p\u00f3r Alexandr\u00f3 L\u00f3mel\u00ed Alfar\u00f3, de la Facultad de<br \/>\nIngenier\u00ed a y Ciencias (FIC); el segund\u00f3 lugar l\u00f3 \u00f3btuv\u00f3 Mar\u00ed a Fernanda Barrera Garza,<br \/>\nde la Facultad de Ciencias de la Educaci\u00f3 n y Humanidades (FCEH); el tercer lugar fue<br \/>\npara Albert\u00f3 D\u00f3minick Arred\u00f3nd\u00f3 Calder\u00f3 n, de la Facultad de C\u00f3merci\u00f3 y<br \/>\nAdministraci\u00f3 n Vict\u00f3ria (FCAV); y el cuart\u00f3 lugar para Aur\u00f3ra Mirrel Castill\u00f3 Galleg\u00f3s,<br \/>\nde la Unidad Acade mica de Trabaj\u00f3 S\u00f3cial y Ciencias para el Desarr\u00f3ll\u00f3 Human\u00f3<br \/>\n(UATSCDH).<br \/>\nEl jurad\u00f3 que evalu\u00f3 el talent\u00f3 de l\u00f3s j\u00f3 venes inte rpretes fue c\u00f3nf\u00f3rmad\u00f3 p\u00f3r<br \/>\npers\u00f3nalidades del a mbit\u00f3 musical, c\u00f3m\u00f3 el cantaut\u00f3r vict\u00f3rense Kankel Guajard\u00f3, la<br \/>\nLic. en Artes Esce nicas Sara Aime e y l\u00f3s exalumn\u00f3s de la UAT y cantantes pr\u00f3fesi\u00f3nales<br \/>\nPac\u00f3 Padilla y Sib\u00f3ney Mares, quienes ap\u00f3rtar\u00f3n su experiencia y pr\u00f3fesi\u00f3nalism\u00f3 en<br \/>\ncada val\u00f3raci\u00f3 n.<br \/>\nEl event\u00f3 c\u00f3nt\u00f3 c\u00f3n la presencia de diversas aut\u00f3ridades universitarias y c\u00f3n las<br \/>\nentusiastas p\u00f3rras de c\u00f3mpan er\u00f3s estudiantes que m\u00f3strar\u00f3n su ap\u00f3y\u00f3 en este espaci\u00f3<br \/>\nde expresi\u00f3 n.<br \/>\nOrganizad\u00f3 p\u00f3r la Secretar\u00ed a de Vinculaci\u00f3 n a trave s de Cultura y Arte UAT, el<br \/>\nC\u00f3ncurs\u00f3 de Inte rpretes Universitari\u00f3s se lleva a cab\u00f3 tambie n en las z\u00f3nas n\u00f3rte y sur<br \/>\ndel estad\u00f3, para que ma s estudiantes de la UAT tengan la \u00f3p\u00f3rtunidad de dem\u00f3strar su<br \/>\ntalent\u00f3 en esta plataf\u00f3rma universitaria.<\/p>\n","protected":false},"excerpt":{"rendered":"La Universidad Aut\u00f3 n\u00f3ma de Tamaulipas (UAT) celebr\u00f3 la de cima primera edici\u00f3 n del C\u00f3ncurs\u00f3 de Inte rpretes Universitari\u00f3s en su etapa regi\u00f3nal z\u00f3na centr\u00f3, d\u00f3nde estudiantes de sus diversas facultades, unidades acade micas y escuelas ubicadas en Ciudad Vict\u00f3ria dem\u00f3strar\u00f3n su talent\u00f3 y pasi\u00f3 n p\u00f3r el cant\u00f3. La c\u00f3mpetencia n\u00f3 s\u00f3l\u00f3 destac\u00f3","protected":false},"author":1,"featured_media":2834,"comment_status":"open","ping_status":"open","sticky":false,"template":"","format":"standard","meta":{"_monsterinsights_skip_tracking":false,"_monsterinsights_sitenote_active":false,"_monsterinsights_sitenote_note":"","_monsterinsights_sitenote_category":0,"footnotes":""},"categories":[3],"tags":[],"class_list":["post-2833","post","type-post","status-publish","format-standard","has-post-thumbnail","hentry","category-noticias"],"aioseo_notices":[],"amp_enabled":true,"_links":{"self":[{"href":"https:\/\/tamaulipasmiregion.com\/index.php?rest_route=\/wp\/v2\/posts\/2833","targetHints":{"allow":["GET"]}}],"collection":[{"href":"https:\/\/tamaulipasmiregion.com\/index.php?rest_route=\/wp\/v2\/posts"}],"about":[{"href":"https:\/\/tamaulipasmiregion.com\/index.php?rest_route=\/wp\/v2\/types\/post"}],"author":[{"embeddable":true,"href":"https:\/\/tamaulipasmiregion.com\/index.php?rest_route=\/wp\/v2\/users\/1"}],"replies":[{"embeddable":true,"href":"https:\/\/tamaulipasmiregion.com\/index.php?rest_route=%2Fwp%2Fv2%2Fcomments&post=2833"}],"version-history":[{"count":1,"href":"https:\/\/tamaulipasmiregion.com\/index.php?rest_route=\/wp\/v2\/posts\/2833\/revisions"}],"predecessor-version":[{"id":2835,"href":"https:\/\/tamaulipasmiregion.com\/index.php?rest_route=\/wp\/v2\/posts\/2833\/revisions\/2835"}],"wp:featuredmedia":[{"embeddable":true,"href":"https:\/\/tamaulipasmiregion.com\/index.php?rest_route=\/wp\/v2\/media\/2834"}],"wp:attachment":[{"href":"https:\/\/tamaulipasmiregion.com\/index.php?rest_route=%2Fwp%2Fv2%2Fmedia&parent=2833"}],"wp:term":[{"taxonomy":"category","embeddable":true,"href":"https:\/\/tamaulipasmiregion.com\/index.php?rest_route=%2Fwp%2Fv2%2Fcategories&post=2833"},{"taxonomy":"post_tag","embeddable":true,"href":"https:\/\/tamaulipasmiregion.com\/index.php?rest_route=%2Fwp%2Fv2%2Ftags&post=2833"}],"curies":[{"name":"wp","href":"https:\/\/api.w.org\/{rel}","templated":true}]}}