{"id":2836,"date":"2024-11-10T23:45:43","date_gmt":"2024-11-10T23:45:43","guid":{"rendered":"https:\/\/tamaulipasmiregion.com\/?p=2836"},"modified":"2024-11-12T23:47:48","modified_gmt":"2024-11-12T23:47:48","slug":"la-uat-y-su-sindicato-academico-fortalecen-acuerdos-laborales","status":"publish","type":"post","link":"https:\/\/tamaulipasmiregion.com\/?p=2836","title":{"rendered":"La UAT y su sindicato acad\u00e9mico fortalecen acuerdos laborales"},"content":{"rendered":"<p>La Universidad Aut\u00f3noma de Tamaulipas y el Sindicat\u00f3 Unic\u00f3 de Trabajad\u00f3res<br \/>\nAcademic\u00f3s (SUTAUAT), establecier\u00f3n el C\u00f3ntrat\u00f3 C\u00f3lectiv\u00f3 2024, en un act\u00f3 que<br \/>\nf\u00f3rtalece las relaci\u00f3nes lab\u00f3rales entre la instituci\u00f3 n y el gremi\u00f3 d\u00f3cente universitari\u00f3.<br \/>\nAl presidir la firma del d\u00f3cument\u00f3, el rect\u00f3r Da mas\u00f3 Anaya Alvarad\u00f3 expres\u00f3 que<br \/>\nmediante estas acci\u00f3nes la UAT refrenda el c\u00f3mpr\u00f3mis\u00f3 c\u00f3n el bienestar y el desarr\u00f3ll\u00f3<br \/>\npr\u00f3fesi\u00f3nal de quienes s\u00f3n la c\u00f3lumna vertebral de la ma xima casa de estudi\u00f3s de<br \/>\nTamaulipas.<br \/>\nPus\u00f3 en relieve la imp\u00f3rtancia de f\u00f3rtalecer el sindicalism\u00f3 p\u00f3rque es un pilar<br \/>\nfundamental en la c\u00f3nstrucci\u00f3 n de s\u00f3ciedades justas y equitativas, y que, en el a mbit\u00f3<br \/>\neducativ\u00f3, l\u00f3s gremi\u00f3s d\u00f3centes juegan un papel insustituible al garantizar que las<br \/>\nc\u00f3ndici\u00f3nes lab\u00f3rales de l\u00f3s pr\u00f3fes\u00f3res sean dignas y adecuadas.<br \/>\nSubray\u00f3 que, al asegurar mej\u00f3res salari\u00f3s, prestaci\u00f3nes y un ambiente de trabaj\u00f3<br \/>\nfav\u00f3rable, l\u00f3s sindicat\u00f3s c\u00f3ntribuyen a elevar la calidad de la educaci\u00f3 n que se \u00f3frece a<br \/>\nla c\u00f3munidad estudiantil.<br \/>\nDestac\u00f3 tambie n que en la UAT se rec\u00f3n\u00f3ce y se val\u00f3ra la lab\u00f3r que realizan l\u00f3s<br \/>\nma s de d\u00f3s mil d\u00f3centes agremiad\u00f3s, quienes, en su c\u00f3mpr\u00f3mis\u00f3 c\u00f3n la ensen anza y la<br \/>\ninvestigaci\u00f3 n s\u00f3n un ejempl\u00f3 a seguir para t\u00f3da la c\u00f3munidad universitaria.<br \/>\nAn adi\u00f3 el rect\u00f3r que, al respaldar las justas demandas del SUTAUAT y pr\u00f3curar<br \/>\nel bienestar de l\u00f3s d\u00f3centes, se esta invirtiend\u00f3 en el futur\u00f3 de nuestra Universidad y<br \/>\nnuestr\u00f3 Estad\u00f3.<br \/>\nFinaliz\u00f3 diciend\u00f3 que este c\u00f3ntrat\u00f3 c\u00f3lectiv\u00f3 de trabaj\u00f3 n\u00f3 s\u00f3l\u00f3 es un<br \/>\nd\u00f3cument\u00f3 legal, sin\u00f3 un reflej\u00f3 de la v\u00f3luntad de la UAT para trabajar junt\u00f3s en<br \/>\nbenefici\u00f3 de t\u00f3da la c\u00f3munidad universitaria.<br \/>\nP\u00f3r su parte, y lueg\u00f3 de rec\u00f3n\u00f3cer el respald\u00f3 del rect\u00f3r Da mas\u00f3 Anaya, el<br \/>\nsecretari\u00f3 general del SUTAUAT, Luis Gerard\u00f3 Galva n Velazc\u00f3 sen al\u00f3 que, gracias al<br \/>\ntrabaj\u00f3 c\u00f3njunt\u00f3, este an \u00f3 se han l\u00f3grad\u00f3 aumentar l\u00f3s benefici\u00f3s para l\u00f3s trabajad\u00f3res<br \/>\nacade mic\u00f3s, y que existe la c\u00f3nfianza del gremi\u00f3 d\u00f3cente para c\u00f3ntinuar gesti\u00f3nand\u00f3<br \/>\nl\u00f3gr\u00f3s c\u00f3n el ap\u00f3y\u00f3 y excelentes relaci\u00f3nes c\u00f3n la rect\u00f3r\u00eda.<\/p>\n","protected":false},"excerpt":{"rendered":"La Universidad Aut\u00f3noma de Tamaulipas y el Sindicat\u00f3 Unic\u00f3 de Trabajad\u00f3res Academic\u00f3s (SUTAUAT), establecier\u00f3n el C\u00f3ntrat\u00f3 C\u00f3lectiv\u00f3 2024, en un act\u00f3 que f\u00f3rtalece las relaci\u00f3nes lab\u00f3rales entre la instituci\u00f3 n y el gremi\u00f3 d\u00f3cente universitari\u00f3. Al presidir la firma del d\u00f3cument\u00f3, el rect\u00f3r Da mas\u00f3 Anaya Alvarad\u00f3 expres\u00f3 que mediante estas acci\u00f3nes la UAT refrenda","protected":false},"author":1,"featured_media":2837,"comment_status":"open","ping_status":"open","sticky":false,"template":"","format":"standard","meta":{"_monsterinsights_skip_tracking":false,"_monsterinsights_sitenote_active":false,"_monsterinsights_sitenote_note":"","_monsterinsights_sitenote_category":0,"footnotes":""},"categories":[3],"tags":[],"class_list":["post-2836","post","type-post","status-publish","format-standard","has-post-thumbnail","hentry","category-noticias"],"aioseo_notices":[],"amp_enabled":true,"_links":{"self":[{"href":"https:\/\/tamaulipasmiregion.com\/index.php?rest_route=\/wp\/v2\/posts\/2836","targetHints":{"allow":["GET"]}}],"collection":[{"href":"https:\/\/tamaulipasmiregion.com\/index.php?rest_route=\/wp\/v2\/posts"}],"about":[{"href":"https:\/\/tamaulipasmiregion.com\/index.php?rest_route=\/wp\/v2\/types\/post"}],"author":[{"embeddable":true,"href":"https:\/\/tamaulipasmiregion.com\/index.php?rest_route=\/wp\/v2\/users\/1"}],"replies":[{"embeddable":true,"href":"https:\/\/tamaulipasmiregion.com\/index.php?rest_route=%2Fwp%2Fv2%2Fcomments&post=2836"}],"version-history":[{"count":1,"href":"https:\/\/tamaulipasmiregion.com\/index.php?rest_route=\/wp\/v2\/posts\/2836\/revisions"}],"predecessor-version":[{"id":2838,"href":"https:\/\/tamaulipasmiregion.com\/index.php?rest_route=\/wp\/v2\/posts\/2836\/revisions\/2838"}],"wp:featuredmedia":[{"embeddable":true,"href":"https:\/\/tamaulipasmiregion.com\/index.php?rest_route=\/wp\/v2\/media\/2837"}],"wp:attachment":[{"href":"https:\/\/tamaulipasmiregion.com\/index.php?rest_route=%2Fwp%2Fv2%2Fmedia&parent=2836"}],"wp:term":[{"taxonomy":"category","embeddable":true,"href":"https:\/\/tamaulipasmiregion.com\/index.php?rest_route=%2Fwp%2Fv2%2Fcategories&post=2836"},{"taxonomy":"post_tag","embeddable":true,"href":"https:\/\/tamaulipasmiregion.com\/index.php?rest_route=%2Fwp%2Fv2%2Ftags&post=2836"}],"curies":[{"name":"wp","href":"https:\/\/api.w.org\/{rel}","templated":true}]}}