{"id":2842,"date":"2024-11-12T23:54:35","date_gmt":"2024-11-12T23:54:35","guid":{"rendered":"https:\/\/tamaulipasmiregion.com\/?p=2842"},"modified":"2024-11-12T23:54:35","modified_gmt":"2024-11-12T23:54:35","slug":"la-uat-y-el-ayuntamiento-de-tampico-suman-esfuerzos-para-el-bienestar-social","status":"publish","type":"post","link":"https:\/\/tamaulipasmiregion.com\/?p=2842","title":{"rendered":"La UAT y el Ayuntamiento de Tampico suman esfuerzos para el bienestar social"},"content":{"rendered":"<p>La Universidad Aut\u00f3 n\u00f3ma de Tamaulipas (UAT) y el Ayuntamient\u00f3 de Tampic\u00f3<br \/>\nf\u00f3rmalizar\u00f3n la c\u00f3lab\u00f3raci\u00f3 n en pr\u00f3yect\u00f3s c\u00f3njunt\u00f3s en benefici\u00f3 de la c\u00f3munidad, y el<br \/>\nc\u00f3mpr\u00f3mis\u00f3 de sumar sus f\u00f3rtalezas para c\u00f3ntribuir a c\u00f3ns\u00f3lidar la transf\u00f3rmaci\u00f3 n de<br \/>\nTamaulipas.<br \/>\nL\u00f3 anteri\u00f3r se pus\u00f3 de relieve en el c\u00f3nveni\u00f3 que firmar\u00f3n el rect\u00f3r de la UAT,<br \/>\nDa mas\u00f3 Anaya Alvarad\u00f3 y la alcaldesa de Tampic\u00f3, M\u00f3 nica Villarreal Anaya, para<br \/>\nimpulsar la c\u00f3lab\u00f3raci\u00f3 n en materia acade mica, de investigaci\u00f3 n y desarr\u00f3ll\u00f3 s\u00f3cial.<br \/>\nEn su mensaje, el rect\u00f3r Da mas\u00f3 Anaya agradeci\u00f3 a la alcaldesa p\u00f3r c\u00f3nfiar en la<br \/>\nUAT y sumar el trabaj\u00f3 de l\u00f3s universitari\u00f3s en l\u00f3s grandes pr\u00f3yect\u00f3s que esta<br \/>\nimpulsand\u00f3 para la transf\u00f3rmaci\u00f3 n de Tampic\u00f3 y el bienestar de la c\u00f3munidad.<br \/>\nSen al\u00f3 que la Universidad p\u00f3ne a disp\u00f3sici\u00f3 n del Ayuntamient\u00f3 de Tampic\u00f3 su<br \/>\ninvestigaci\u00f3 n aplicada para c\u00f3ntribuir en a reas c\u00f3m\u00f3 el medi\u00f3ambiente, la energ\u00ed a, la<br \/>\ningenier\u00ed a y la salud, adema s de pr\u00f3puestas para el desarr\u00f3ll\u00f3 sustentable.<br \/>\nRefiri\u00f3 tambie n la c\u00f3lab\u00f3raci\u00f3 n en \u00f3tras a reas c\u00f3m\u00f3 s\u00f3n la m\u00f3dernizaci\u00f3 n<br \/>\nurban\u00ed stica, la c\u00f3nservaci\u00f3 n y difusi\u00f3 n del patrim\u00f3ni\u00f3 cultural, estrategias de impuls\u00f3<br \/>\nal turism\u00f3 y pr\u00f3gramas de capacitaci\u00f3 n y actualizaci\u00f3 n en la administraci\u00f3 n pu blica,<br \/>\nc\u00f3lab\u00f3rand\u00f3 en las acci\u00f3nes que pr\u00f3mueve el ayuntamient\u00f3 para mej\u00f3rar el bienestar<br \/>\nde la p\u00f3blaci\u00f3 n.<br \/>\nP\u00f3r su parte, la alcaldesa M\u00f3 nica Villarreal agradeci\u00f3 al rect\u00f3r de la UAT p\u00f3r esta<br \/>\nc\u00f3lab\u00f3raci\u00f3 n en la que se c\u00f3mparte la visi\u00f3 n humanista y transf\u00f3rmad\u00f3ra del<br \/>\ng\u00f3bernad\u00f3r Ame ric\u00f3 Villarreal Anaya.<br \/>\nRec\u00f3n\u00f3ci\u00f3 tambie n la c\u00f3lab\u00f3raci\u00f3 n de las facultades de la UAT en la z\u00f3na sur, y<br \/>\nasegur\u00f3 que este c\u00f3nveni\u00f3 es un pas\u00f3 ma s hacia la c\u00f3nstrucci\u00f3 n de una ciudad c\u00f3n ma s<br \/>\n\u00f3p\u00f3rtunidades, pr\u00f3speridad c\u00f3mpartida y bienestar para las familias, y una muestra de<br \/>\nc\u00f3 m\u00f3 la academia puede ap\u00f3rtarle a la s\u00f3ciedad.<br \/>\nINICIA EL PROGRAMA \u201cSONRISAS DEL BIENESTAR\u201d Y CLINICA DENTAL<br \/>\nMa s adelante, Da mas\u00f3 Anaya y M\u00f3 nica Villarreal pusier\u00f3n en marcha el pr\u00f3grama<br \/>\n\u201cS\u00f3nrisas del Bienestar\u201d y la Cl\u00ed nica Dental que \u00f3frecera n divers\u00f3s servici\u00f3s de salud<br \/>\nbuc\u00f3dental en benefici\u00f3 de la nin ez y l\u00f3s adult\u00f3s may\u00f3res de las z\u00f3nas ma s vulnerables<br \/>\ndel puert\u00f3 de Tampic\u00f3.<br \/>\nDurante el event\u00f3, se c\u00f3nt\u00f3 c\u00f3n la presencia de la Direct\u00f3ra del DIF Tampic\u00f3, Luz<br \/>\nAdriana Villarreal Anaya; del secretari\u00f3 del Ayuntamient\u00f3, Carl\u00f3s Garc\u00ed a P\u00f3rres; y la<br \/>\nSegunda Sindica, Laura Elena Ram\u00ed rez Sa nchez, entre \u00f3tras aut\u00f3ridades municipales,<br \/>\nas\u00ed c\u00f3m\u00f3 direct\u00f3res de las facultades y funci\u00f3nari\u00f3s de la UAT.<\/p>\n","protected":false},"excerpt":{"rendered":"La Universidad Aut\u00f3 n\u00f3ma de Tamaulipas (UAT) y el Ayuntamient\u00f3 de Tampic\u00f3 f\u00f3rmalizar\u00f3n la c\u00f3lab\u00f3raci\u00f3 n en pr\u00f3yect\u00f3s c\u00f3njunt\u00f3s en benefici\u00f3 de la c\u00f3munidad, y el c\u00f3mpr\u00f3mis\u00f3 de sumar sus f\u00f3rtalezas para c\u00f3ntribuir a c\u00f3ns\u00f3lidar la transf\u00f3rmaci\u00f3 n de Tamaulipas. L\u00f3 anteri\u00f3r se pus\u00f3 de relieve en el c\u00f3nveni\u00f3 que firmar\u00f3n el rect\u00f3r de la","protected":false},"author":1,"featured_media":2843,"comment_status":"open","ping_status":"open","sticky":false,"template":"","format":"standard","meta":{"_monsterinsights_skip_tracking":false,"_monsterinsights_sitenote_active":false,"_monsterinsights_sitenote_note":"","_monsterinsights_sitenote_category":0,"footnotes":""},"categories":[3],"tags":[],"class_list":["post-2842","post","type-post","status-publish","format-standard","has-post-thumbnail","hentry","category-noticias"],"aioseo_notices":[],"amp_enabled":true,"_links":{"self":[{"href":"https:\/\/tamaulipasmiregion.com\/index.php?rest_route=\/wp\/v2\/posts\/2842","targetHints":{"allow":["GET"]}}],"collection":[{"href":"https:\/\/tamaulipasmiregion.com\/index.php?rest_route=\/wp\/v2\/posts"}],"about":[{"href":"https:\/\/tamaulipasmiregion.com\/index.php?rest_route=\/wp\/v2\/types\/post"}],"author":[{"embeddable":true,"href":"https:\/\/tamaulipasmiregion.com\/index.php?rest_route=\/wp\/v2\/users\/1"}],"replies":[{"embeddable":true,"href":"https:\/\/tamaulipasmiregion.com\/index.php?rest_route=%2Fwp%2Fv2%2Fcomments&post=2842"}],"version-history":[{"count":1,"href":"https:\/\/tamaulipasmiregion.com\/index.php?rest_route=\/wp\/v2\/posts\/2842\/revisions"}],"predecessor-version":[{"id":2844,"href":"https:\/\/tamaulipasmiregion.com\/index.php?rest_route=\/wp\/v2\/posts\/2842\/revisions\/2844"}],"wp:featuredmedia":[{"embeddable":true,"href":"https:\/\/tamaulipasmiregion.com\/index.php?rest_route=\/wp\/v2\/media\/2843"}],"wp:attachment":[{"href":"https:\/\/tamaulipasmiregion.com\/index.php?rest_route=%2Fwp%2Fv2%2Fmedia&parent=2842"}],"wp:term":[{"taxonomy":"category","embeddable":true,"href":"https:\/\/tamaulipasmiregion.com\/index.php?rest_route=%2Fwp%2Fv2%2Fcategories&post=2842"},{"taxonomy":"post_tag","embeddable":true,"href":"https:\/\/tamaulipasmiregion.com\/index.php?rest_route=%2Fwp%2Fv2%2Ftags&post=2842"}],"curies":[{"name":"wp","href":"https:\/\/api.w.org\/{rel}","templated":true}]}}