{"id":2867,"date":"2024-11-18T22:59:27","date_gmt":"2024-11-18T22:59:27","guid":{"rendered":"https:\/\/tamaulipasmiregion.com\/?p=2867"},"modified":"2024-11-18T22:59:27","modified_gmt":"2024-11-18T22:59:27","slug":"se-suma-la-uat-al-sistema-de-evaluacion-y-acreditacion-de-la-educacion-superior","status":"publish","type":"post","link":"https:\/\/tamaulipasmiregion.com\/?p=2867","title":{"rendered":"Se suma la UAT al Sistema de Evaluaci\u00f3n y Acreditaci\u00f3n de la Educaci\u00f3n Superior"},"content":{"rendered":"<p>El rector D\u00e1 m\u00e1so An\u00e1y\u00e1 Alv\u00e1r\u00e1do re\u00e1firmo el compromiso de sum\u00e1r los esfuerzos de l\u00e1<br \/>\nUniversid\u00e1d Auto nom\u00e1 de T\u00e1m\u00e1ulip\u00e1s (UAT) \u00e1 l\u00e1s inici\u00e1tiv\u00e1s n\u00e1cion\u00e1les p\u00e1r\u00e1 consolid\u00e1r<br \/>\nl\u00e1 c\u00e1lid\u00e1d \u00e1c\u00e1de mic\u00e1 y l\u00e1 tr\u00e1nsform\u00e1cio n de l\u00e1 educ\u00e1cio n pu blic\u00e1 superior en Me xico.<br \/>\nLo \u00e1nterior lo dest\u00e1co el rector de l\u00e1 UAT \u00e1l presidir en el C\u00e1mpus T\u00e1mpico l\u00e1<br \/>\nreunio n de induccio n p\u00e1r\u00e1 l\u00e1 el\u00e1bor\u00e1cio n de l\u00e1 \u00e1utoev\u00e1lu\u00e1cio n institucion\u00e1l, en el m\u00e1rco<br \/>\ngener\u00e1l del Sistem\u00e1 de Ev\u00e1lu\u00e1cio n y Acredit\u00e1cio n de l\u00e1 Educ\u00e1cio n Superior (SEAES).<br \/>\nCon l\u00e1 \u00e1sistenci\u00e1 de l\u00e1s y los directores de l\u00e1s dependenci\u00e1s \u00e1c\u00e1de mic\u00e1s de l\u00e1<br \/>\nUAT, D\u00e1 m\u00e1so An\u00e1y\u00e1 puso en m\u00e1rch\u00e1 l\u00e1 sesio n y subr\u00e1yo l\u00e1 import\u00e1nci\u00e1 de tr\u00e1b\u00e1j\u00e1r con<br \/>\nb\u00e1se en l\u00e1s pol\u00ed tic\u00e1s del Consejo N\u00e1cion\u00e1l p\u00e1r\u00e1 l\u00e1 Coordin\u00e1cio n de l\u00e1 Educ\u00e1cio n Superior<br \/>\n(CONACES), que, \u00e1 tr\u00e1ve s del SEAES, promueve un modelo integr\u00e1l de ev\u00e1lu\u00e1cio n y<br \/>\nmejor\u00e1 continu\u00e1.<br \/>\nAgr\u00e1decio \u00e1 l\u00e1 Mtr\u00e1. M\u00e1r\u00ed \u00e1 Jose Rhi S\u00e1usi G\u00e1r\u00e1vito, director\u00e1 de este sistem\u00e1, su<br \/>\ndisposicio n y \u00e1comp\u00e1n \u00e1miento p\u00e1r\u00e1 que l\u00e1 UAT se integre \u00e1 este modelo de ev\u00e1lu\u00e1cio n,<br \/>\ncuyo proceso se entiende como un medio p\u00e1r\u00e1 l\u00e1 tr\u00e1nsform\u00e1cio n y no como un fin en s\u00ed<br \/>\nmismo.<br \/>\nEl rector concluyo refirm\u00e1ndo el compromiso de l\u00e1 UAT de seguir \u00e1v\u00e1nz\u00e1ndo en<br \/>\nl\u00e1 met\u00e1 de posicion\u00e1rse como un\u00e1 institucio n dest\u00e1c\u00e1d\u00e1 por sus indic\u00e1dores de<br \/>\nexcelenci\u00e1 \u00e1c\u00e1de mic\u00e1 b\u00e1jo un enfoque hum\u00e1nist\u00e1 que promuev\u00e1 l\u00e1 form\u00e1cio n integr\u00e1l<br \/>\nde sus estudi\u00e1ntes.<br \/>\nEn represent\u00e1cio n de l\u00e1 director\u00e1 del SEAES \u00e1cudieron l\u00e1 Lic. Aid\u00e1 Obduli\u00e1<br \/>\nS\u00e1 nchez y el Mtro. Ad\u00e1 n M\u00e1rt\u00ed nez Hern\u00e1 ndez, quienes comp\u00e1rtieron los objetivos y<br \/>\nline\u00e1mientos gener\u00e1les p\u00e1r\u00e1 el proceso de \u00e1utoev\u00e1lu\u00e1cio n que se llev\u00e1r\u00e1 \u00e1 c\u00e1bo en 2025.<br \/>\nDur\u00e1nte su intervencio n, el Mtro. Ad\u00e1 n M\u00e1rt\u00ed nez \u00e1gr\u00e1decio \u00e1l rector D\u00e1 m\u00e1so<br \/>\nAn\u00e1y\u00e1 l\u00e1 invit\u00e1cio n p\u00e1r\u00e1 tr\u00e1b\u00e1j\u00e1r de m\u00e1ner\u00e1 conjunt\u00e1 y expreso su reconocimiento \u00e1 l\u00e1<br \/>\nUAT por ser l\u00e1 primer\u00e1 universid\u00e1d que solicit\u00e1 un\u00e1 c\u00e1p\u00e1cit\u00e1cio n previ\u00e1 \u00e1 los tr\u00e1b\u00e1jos<br \/>\nde l\u00e1 \u00e1utoev\u00e1lu\u00e1cio n institucion\u00e1l, lo cu\u00e1l demuestr\u00e1 un fuerte compromiso con este<br \/>\nejercicio y su respons\u00e1bilid\u00e1d p\u00e1r\u00e1 l\u00e1 implement\u00e1cio n del m\u00e1rco gener\u00e1l del sistem\u00e1 de<br \/>\nev\u00e1lu\u00e1cio n y \u00e1credit\u00e1cio n n\u00e1cion\u00e1l.<\/p>\n","protected":false},"excerpt":{"rendered":"El rector D\u00e1 m\u00e1so An\u00e1y\u00e1 Alv\u00e1r\u00e1do re\u00e1firmo el compromiso de sum\u00e1r los esfuerzos de l\u00e1 Universid\u00e1d Auto nom\u00e1 de T\u00e1m\u00e1ulip\u00e1s (UAT) \u00e1 l\u00e1s inici\u00e1tiv\u00e1s n\u00e1cion\u00e1les p\u00e1r\u00e1 consolid\u00e1r l\u00e1 c\u00e1lid\u00e1d \u00e1c\u00e1de mic\u00e1 y l\u00e1 tr\u00e1nsform\u00e1cio n de l\u00e1 educ\u00e1cio n pu blic\u00e1 superior en Me xico. Lo \u00e1nterior lo dest\u00e1co el rector de l\u00e1 UAT \u00e1l","protected":false},"author":1,"featured_media":2868,"comment_status":"open","ping_status":"open","sticky":false,"template":"","format":"standard","meta":{"_monsterinsights_skip_tracking":false,"_monsterinsights_sitenote_active":false,"_monsterinsights_sitenote_note":"","_monsterinsights_sitenote_category":0,"footnotes":""},"categories":[3],"tags":[],"class_list":["post-2867","post","type-post","status-publish","format-standard","has-post-thumbnail","hentry","category-noticias"],"aioseo_notices":[],"amp_enabled":true,"_links":{"self":[{"href":"https:\/\/tamaulipasmiregion.com\/index.php?rest_route=\/wp\/v2\/posts\/2867","targetHints":{"allow":["GET"]}}],"collection":[{"href":"https:\/\/tamaulipasmiregion.com\/index.php?rest_route=\/wp\/v2\/posts"}],"about":[{"href":"https:\/\/tamaulipasmiregion.com\/index.php?rest_route=\/wp\/v2\/types\/post"}],"author":[{"embeddable":true,"href":"https:\/\/tamaulipasmiregion.com\/index.php?rest_route=\/wp\/v2\/users\/1"}],"replies":[{"embeddable":true,"href":"https:\/\/tamaulipasmiregion.com\/index.php?rest_route=%2Fwp%2Fv2%2Fcomments&post=2867"}],"version-history":[{"count":1,"href":"https:\/\/tamaulipasmiregion.com\/index.php?rest_route=\/wp\/v2\/posts\/2867\/revisions"}],"predecessor-version":[{"id":2869,"href":"https:\/\/tamaulipasmiregion.com\/index.php?rest_route=\/wp\/v2\/posts\/2867\/revisions\/2869"}],"wp:featuredmedia":[{"embeddable":true,"href":"https:\/\/tamaulipasmiregion.com\/index.php?rest_route=\/wp\/v2\/media\/2868"}],"wp:attachment":[{"href":"https:\/\/tamaulipasmiregion.com\/index.php?rest_route=%2Fwp%2Fv2%2Fmedia&parent=2867"}],"wp:term":[{"taxonomy":"category","embeddable":true,"href":"https:\/\/tamaulipasmiregion.com\/index.php?rest_route=%2Fwp%2Fv2%2Fcategories&post=2867"},{"taxonomy":"post_tag","embeddable":true,"href":"https:\/\/tamaulipasmiregion.com\/index.php?rest_route=%2Fwp%2Fv2%2Ftags&post=2867"}],"curies":[{"name":"wp","href":"https:\/\/api.w.org\/{rel}","templated":true}]}}