{"id":2874,"date":"2024-11-19T19:56:24","date_gmt":"2024-11-19T19:56:24","guid":{"rendered":"https:\/\/tamaulipasmiregion.com\/?p=2874"},"modified":"2024-12-10T21:23:59","modified_gmt":"2024-12-10T21:23:59","slug":"celebra-la-uat-68-aniversario-de-la-facultad-de-comercio-nuevo-laredo","status":"publish","type":"post","link":"https:\/\/tamaulipasmiregion.com\/?p=2874","title":{"rendered":"Celebra la UAT 68 aniversario de la Facultad de Comercio Nuevo Laredo"},"content":{"rendered":"<p>En un marco de fiesta y convivencia universitaria, la Facultad de Comercio, Administraci\u00f3n y Ciencias Sociales Nuevo Laredo (FCACS) de la Universidad Aut\u00f3noma de Tamaulipas (UAT) llev\u00f3 a cabo los festejos del 68 aniversario de su fundaci\u00f3n.<br \/>\n           El rector de la UAT, D\u00e1maso Anaya Alvarado, junto con su esposa, Isolda Rend\u00f3n de Anaya, presidenta de Familia UAT, estuvieron en el evento conmemorativo de Celebraci\u00f3n, Compromiso y Unidad organizado por el plantel universitario en esta ciudad fronteriza.<br \/>\n            En el desarrollo de las actividades, el rector D\u00e1maso Anaya felicit\u00f3 al director Ren\u00e9 Adri\u00e1n Salinas Salinas y a toda la comunidad universitaria por celebrar este importante acontecimiento que destaca el compromiso social y humanista que define a la Facultad de Comercio, Administraci\u00f3n y Ciencias Sociales.<br \/>\n          El evento de aniversario se desarroll\u00f3 a trav\u00e9s de un programa de actividades con causa que lograron recaudar m\u00e1s de 500 juguetes donados por universitarios y la comunidad en general para beneficiar a la ni\u00f1ez neolaredense en situaci\u00f3n vulnerable.<br \/>\n             En ese contexto, el director de la facultad, Ren\u00e9 Adri\u00e1n Salinas, destac\u00f3 que este acto solidario reafirma la misi\u00f3n universitaria a la que ha convocado el rector D\u00e1maso Anaya para contribuir activamente al bienestar social.<br \/>\n                De igual manera, se hizo un recorrido por los diferentes espacios de convivencia, que reuni\u00f3 la participaci\u00f3n de estudiantes, docentes y personal administrativo en un ambiente de tradici\u00f3n, alegr\u00eda y valores.<\/p>\n<p>              El rector D\u00e1maso Anaya Alvarado disfrut\u00f3 de cada momento del evento, participando activamente y conviviendo de manera cercana con estudiantes, maestros y familias, en un encuentro que fortaleci\u00f3 los valores de solidaridad y unidad que caracterizan a la instituci\u00f3n.<br \/>\nEl evento cont\u00f3 con la presencia del director de la Preparatoria UAT Nuevo Laredo, C\u00e9sar Eugenio Hern\u00e1ndez Ancona; del director de la Facultad de Ingenier\u00eda Tampico, Roberto Pichardo Ram\u00edrez; y del Lic. Mario Palos Garza, destacado empresario egresado de la Facultad de Comercio de Nuevo Laredo; entre otras autoridades e invitados especiales.<\/p>\n","protected":false},"excerpt":{"rendered":"En un marco de fiesta y convivencia universitaria, la Facultad de Comercio, Administraci\u00f3n y Ciencias Sociales Nuevo Laredo (FCACS) de la Universidad Aut\u00f3noma de Tamaulipas (UAT) llev\u00f3 a cabo los festejos del 68 aniversario de su fundaci\u00f3n. El rector de la UAT, D\u00e1maso Anaya Alvarado, junto con su esposa, Isolda Rend\u00f3n de Anaya, presidenta de","protected":false},"author":1,"featured_media":2875,"comment_status":"open","ping_status":"open","sticky":false,"template":"","format":"standard","meta":{"_monsterinsights_skip_tracking":false,"_monsterinsights_sitenote_active":false,"_monsterinsights_sitenote_note":"","_monsterinsights_sitenote_category":0,"footnotes":""},"categories":[3],"tags":[],"class_list":["post-2874","post","type-post","status-publish","format-standard","has-post-thumbnail","hentry","category-noticias"],"aioseo_notices":[],"amp_enabled":true,"_links":{"self":[{"href":"https:\/\/tamaulipasmiregion.com\/index.php?rest_route=\/wp\/v2\/posts\/2874","targetHints":{"allow":["GET"]}}],"collection":[{"href":"https:\/\/tamaulipasmiregion.com\/index.php?rest_route=\/wp\/v2\/posts"}],"about":[{"href":"https:\/\/tamaulipasmiregion.com\/index.php?rest_route=\/wp\/v2\/types\/post"}],"author":[{"embeddable":true,"href":"https:\/\/tamaulipasmiregion.com\/index.php?rest_route=\/wp\/v2\/users\/1"}],"replies":[{"embeddable":true,"href":"https:\/\/tamaulipasmiregion.com\/index.php?rest_route=%2Fwp%2Fv2%2Fcomments&post=2874"}],"version-history":[{"count":1,"href":"https:\/\/tamaulipasmiregion.com\/index.php?rest_route=\/wp\/v2\/posts\/2874\/revisions"}],"predecessor-version":[{"id":2876,"href":"https:\/\/tamaulipasmiregion.com\/index.php?rest_route=\/wp\/v2\/posts\/2874\/revisions\/2876"}],"wp:featuredmedia":[{"embeddable":true,"href":"https:\/\/tamaulipasmiregion.com\/index.php?rest_route=\/wp\/v2\/media\/2875"}],"wp:attachment":[{"href":"https:\/\/tamaulipasmiregion.com\/index.php?rest_route=%2Fwp%2Fv2%2Fmedia&parent=2874"}],"wp:term":[{"taxonomy":"category","embeddable":true,"href":"https:\/\/tamaulipasmiregion.com\/index.php?rest_route=%2Fwp%2Fv2%2Fcategories&post=2874"},{"taxonomy":"post_tag","embeddable":true,"href":"https:\/\/tamaulipasmiregion.com\/index.php?rest_route=%2Fwp%2Fv2%2Ftags&post=2874"}],"curies":[{"name":"wp","href":"https:\/\/api.w.org\/{rel}","templated":true}]}}