{"id":2878,"date":"2024-11-20T19:59:25","date_gmt":"2024-11-20T19:59:25","guid":{"rendered":"https:\/\/tamaulipasmiregion.com\/?p=2878"},"modified":"2024-12-10T21:24:29","modified_gmt":"2024-12-10T21:24:29","slug":"la-uat-cerrara-el-ano-con-avances-en-infraestructura-y-crecimiento-academico","status":"publish","type":"post","link":"https:\/\/tamaulipasmiregion.com\/?p=2878","title":{"rendered":"La UAT cerrar\u00e1 el a\u00f1o con avances en infraestructura y crecimiento acad\u00e9mico"},"content":{"rendered":"<p>La  Aut\u00f3 n\u00f3ma de Tamaulipas (UAT) cerrara este an \u00f3 c\u00f3n un imp\u00f3rtante<br \/>\ndespegue en su infraestructura, adema s de f\u00f3rtalecer el crecimient\u00f3 acade mic\u00f3 para<br \/>\nampliar las \u00f3p\u00f3rtunidades de estudi\u00f3s en el nivel superi\u00f3r y bachillerat\u00f3, expres\u00f3 el<br \/>\nrect\u00f3r Da mas\u00f3 Anaya Alvarad\u00f3.<br \/>\nA d\u00f3s semanas de c\u00f3ncluir el cicl\u00f3 esc\u00f3lar 2024-3, el rect\u00f3r de la UAT di\u00f3 a<br \/>\nc\u00f3n\u00f3cer un balance de l\u00f3s l\u00f3gr\u00f3s alcanzad\u00f3s durante su administraci\u00f3 n, adema s de<br \/>\ndelinear las expectativas para el pr\u00f3 xim\u00f3 cicl\u00f3 acade mic\u00f3.<br \/>\nEntrevistad\u00f3 p\u00f3r l\u00f3s medi\u00f3s de c\u00f3municaci\u00f3 n en la capital del estad\u00f3, durante la<br \/>\ncerem\u00f3nia de aniversari\u00f3 de la Rev\u00f3luci\u00f3 n mexicana, Da mas\u00f3 Anaya destac\u00f3 que su<br \/>\nadministraci\u00f3 n esta enf\u00f3cada en atender las pri\u00f3ridades acade micas y de<br \/>\ninfraestructura en las distintas dependencias de la UAT.<br \/>\nDij\u00f3 que p\u00f3r primera vez se c\u00f3ncluye un an \u00f3 en el que cada una de las 26<br \/>\ndependencias acade micas tienen en pr\u00f3medi\u00f3 d\u00f3s nuevas \u00f3bras de infraestructura,<br \/>\nc\u00f3m\u00f3 aulas, lab\u00f3rat\u00f3ri\u00f3s y \u00f3tr\u00f3s espaci\u00f3s.<br \/>\nSubray\u00f3 que l\u00f3s avances se han l\u00f3grad\u00f3 gracias a un manej\u00f3 transparente de l\u00f3s<br \/>\nrecurs\u00f3s y al firme c\u00f3mpr\u00f3mis\u00f3 de asegurar que t\u00f3das las \u00f3bras de mej\u00f3ramient\u00f3 sean<br \/>\nen benefici\u00f3 direct\u00f3 del alumnad\u00f3.<br \/>\nP\u00f3r \u00f3tr\u00f3 lad\u00f3, menci\u00f3n\u00f3 que su gesti\u00f3 n rect\u00f3ral ha f\u00f3rtalecid\u00f3 una estrecha<br \/>\nrelaci\u00f3 n c\u00f3n la ciudadan\u00ed a tamaulipeca y \u00f3rientad\u00f3 la vinculaci\u00f3 n hacia t\u00f3d\u00f3s l\u00f3s niveles<br \/>\ndel g\u00f3biern\u00f3 y sect\u00f3res pr\u00f3ductiv\u00f3s, adema s de la vinculaci\u00f3 n acade mica internaci\u00f3nal.<br \/>\nMenci\u00f3n\u00f3 que, en atenci\u00f3 n a la c\u00f3bertura educativa, se pus\u00f3 en marcha la nueva<br \/>\npreparat\u00f3ria en Nuev\u00f3 Lared\u00f3, y se esta dand\u00f3 apertura a nuevas licenciaturas y<br \/>\np\u00f3sgrad\u00f3s.<br \/>\nEn ese sentid\u00f3, destac\u00f3 que se aut\u00f3rizar\u00f3n d\u00f3s nuevas licenciaturas: la de<br \/>\nIngenier\u00ed a en Ciencias de Dat\u00f3s en la Facultad de Ingenier\u00ed a y Ciencias; y la Licenciatura<br \/>\nen Aut\u00f3transp\u00f3rte de Carga, en la Facultad de C\u00f3merci\u00f3, Administraci\u00f3 n y Ciencias<br \/>\nS\u00f3ciales Nuev\u00f3 Lared\u00f3; adema s de que ya se imparten la Licenciatura en Pr\u00f3ducci\u00f3 n<br \/>\nAgr\u00f3pecuaria Sustentable en la Facultad de Medicina Veterinaria y Z\u00f3\u00f3tecnia, y la<br \/>\nLicenciatura en Administraci\u00f3 n en la UAM R\u00ed\u00f3 Brav\u00f3.<\/p>\n","protected":false},"excerpt":{"rendered":"La Aut\u00f3 n\u00f3ma de Tamaulipas (UAT) cerrara este an \u00f3 c\u00f3n un imp\u00f3rtante despegue en su infraestructura, adema s de f\u00f3rtalecer el crecimient\u00f3 acade mic\u00f3 para ampliar las \u00f3p\u00f3rtunidades de estudi\u00f3s en el nivel superi\u00f3r y bachillerat\u00f3, expres\u00f3 el rect\u00f3r Da mas\u00f3 Anaya Alvarad\u00f3. A d\u00f3s semanas de c\u00f3ncluir el cicl\u00f3 esc\u00f3lar 2024-3, el rect\u00f3r","protected":false},"author":1,"featured_media":2879,"comment_status":"open","ping_status":"open","sticky":false,"template":"","format":"standard","meta":{"_monsterinsights_skip_tracking":false,"_monsterinsights_sitenote_active":false,"_monsterinsights_sitenote_note":"","_monsterinsights_sitenote_category":0,"footnotes":""},"categories":[3],"tags":[],"class_list":["post-2878","post","type-post","status-publish","format-standard","has-post-thumbnail","hentry","category-noticias"],"aioseo_notices":[],"amp_enabled":true,"_links":{"self":[{"href":"https:\/\/tamaulipasmiregion.com\/index.php?rest_route=\/wp\/v2\/posts\/2878","targetHints":{"allow":["GET"]}}],"collection":[{"href":"https:\/\/tamaulipasmiregion.com\/index.php?rest_route=\/wp\/v2\/posts"}],"about":[{"href":"https:\/\/tamaulipasmiregion.com\/index.php?rest_route=\/wp\/v2\/types\/post"}],"author":[{"embeddable":true,"href":"https:\/\/tamaulipasmiregion.com\/index.php?rest_route=\/wp\/v2\/users\/1"}],"replies":[{"embeddable":true,"href":"https:\/\/tamaulipasmiregion.com\/index.php?rest_route=%2Fwp%2Fv2%2Fcomments&post=2878"}],"version-history":[{"count":1,"href":"https:\/\/tamaulipasmiregion.com\/index.php?rest_route=\/wp\/v2\/posts\/2878\/revisions"}],"predecessor-version":[{"id":2880,"href":"https:\/\/tamaulipasmiregion.com\/index.php?rest_route=\/wp\/v2\/posts\/2878\/revisions\/2880"}],"wp:featuredmedia":[{"embeddable":true,"href":"https:\/\/tamaulipasmiregion.com\/index.php?rest_route=\/wp\/v2\/media\/2879"}],"wp:attachment":[{"href":"https:\/\/tamaulipasmiregion.com\/index.php?rest_route=%2Fwp%2Fv2%2Fmedia&parent=2878"}],"wp:term":[{"taxonomy":"category","embeddable":true,"href":"https:\/\/tamaulipasmiregion.com\/index.php?rest_route=%2Fwp%2Fv2%2Fcategories&post=2878"},{"taxonomy":"post_tag","embeddable":true,"href":"https:\/\/tamaulipasmiregion.com\/index.php?rest_route=%2Fwp%2Fv2%2Ftags&post=2878"}],"curies":[{"name":"wp","href":"https:\/\/api.w.org\/{rel}","templated":true}]}}