{"id":2884,"date":"2024-11-22T20:09:30","date_gmt":"2024-11-22T20:09:30","guid":{"rendered":"https:\/\/tamaulipasmiregion.com\/?p=2884"},"modified":"2024-12-10T21:32:15","modified_gmt":"2024-12-10T21:32:15","slug":"celebra-familia-uat-festival-navideno-en-el-campus-victoria","status":"publish","type":"post","link":"https:\/\/tamaulipasmiregion.com\/?p=2884","title":{"rendered":"Celebra Familia UAT festival navide\u00f1o en el Campus Victoria"},"content":{"rendered":"<p>En un ambiente lleno de alegr\u00ed a, tradicio n y esp\u00ed ritu de celebracio n, la Universidad<br \/>\nAuto noma de Tamaulipas (UAT) llevo a cabo el Festival Naviden o Familia UAT en el<br \/>\nGimnasio Multidisciplinario de Ciudad Victoria.<br \/>\nCon la presencia del rector Da maso Anaya Alvarado, y de su esposa, Isolda<br \/>\nRendo n de Anaya, presidenta de Familia UAT, el evento reunio a padres y madres de<br \/>\nfamilia que asistieron al magno festejo de sus hijos e hijas que ofrecieron una serie de<br \/>\nnu meros musicales y coreogra ficos que capturaron el esp\u00ed ritu de la temporada.<br \/>\nEn el desarrollo del programa participaron nin as y nin os que son atendidos en<br \/>\nlas estancias infantiles CENDI UAT, CENDI IMSS y el C\u00ed rculo de Desarrollo Infantil; de<br \/>\nigual manera, participaron grupos infantiles del Centro Especializado de Idiomas para<br \/>\nla Nin ez y Adolescencia (CEINA) e integrantes del Club de la Edad de Oro del Centro<br \/>\nOperativo Multidisciplinario de Servicio Social (COMASS).<br \/>\nEn su mensaje al pu blico, el rector Da maso Anaya expreso su satisfaccio n por el<br \/>\nevento, resaltando la energ\u00ed a positiva y el sentido de unidad que se vivio entre los<br \/>\nasistentes. Sen alo que estas actividades fortalecen el v\u00ed nculo entre los integrantes de la<br \/>\ncomunidad universitaria y reflejan el compromiso de la institucio n con los valores<br \/>\nfamiliares.<br \/>\nDijo que el festival deja una especial satisfaccio n, gracias a la participacio n de los<br \/>\nnin os y los adultos mayores, as\u00ed como al esfuerzo de quienes lo hicieron posible, por lo<br \/>\nque en la Universidad se busca que estos momentos de alegr\u00ed a y convivencia se repitan<br \/>\nan o con an o como una muestra del esp\u00ed ritu de unidad que se fomenta en la UAT.<br \/>\nPor su parte, la Lic. Isolda Rendo n resalto el simbolismo de la temporada<br \/>\ndecembrina al realizar el encendido de la estrella naviden a, que marco un emotivo<br \/>\nmomento de reflexio n y unio n familiar.<br \/>\nCon trajes coloridos, villancicos y una energ\u00ed a contagiosa, los participantes<br \/>\nofrecieron un especta culo que lleno de emocio n a los asistentes. Como acto simbo lico,<br \/>\nse realizo el encendido de una gran estrella naviden a, un momento que marco el cierre<br \/>\ndel festival con un mensaje de unio n y esperanza, en una tarde inolvidable enmarcada<br \/>\npor ma s de 23 presentaciones art\u00ed sticas que reflejaron la magia y el esp\u00edritu de la<br \/>\nNavidad.<\/p>\n","protected":false},"excerpt":{"rendered":"En un ambiente lleno de alegr\u00ed a, tradicio n y esp\u00ed ritu de celebracio n, la Universidad Auto noma de Tamaulipas (UAT) llevo a cabo el Festival Naviden o Familia UAT en el Gimnasio Multidisciplinario de Ciudad Victoria. Con la presencia del rector Da maso Anaya Alvarado, y de su esposa, Isolda Rendo n de","protected":false},"author":1,"featured_media":2885,"comment_status":"open","ping_status":"open","sticky":false,"template":"","format":"standard","meta":{"_monsterinsights_skip_tracking":false,"_monsterinsights_sitenote_active":false,"_monsterinsights_sitenote_note":"","_monsterinsights_sitenote_category":0,"footnotes":""},"categories":[3],"tags":[],"class_list":["post-2884","post","type-post","status-publish","format-standard","has-post-thumbnail","hentry","category-noticias"],"aioseo_notices":[],"amp_enabled":true,"_links":{"self":[{"href":"https:\/\/tamaulipasmiregion.com\/index.php?rest_route=\/wp\/v2\/posts\/2884","targetHints":{"allow":["GET"]}}],"collection":[{"href":"https:\/\/tamaulipasmiregion.com\/index.php?rest_route=\/wp\/v2\/posts"}],"about":[{"href":"https:\/\/tamaulipasmiregion.com\/index.php?rest_route=\/wp\/v2\/types\/post"}],"author":[{"embeddable":true,"href":"https:\/\/tamaulipasmiregion.com\/index.php?rest_route=\/wp\/v2\/users\/1"}],"replies":[{"embeddable":true,"href":"https:\/\/tamaulipasmiregion.com\/index.php?rest_route=%2Fwp%2Fv2%2Fcomments&post=2884"}],"version-history":[{"count":1,"href":"https:\/\/tamaulipasmiregion.com\/index.php?rest_route=\/wp\/v2\/posts\/2884\/revisions"}],"predecessor-version":[{"id":2886,"href":"https:\/\/tamaulipasmiregion.com\/index.php?rest_route=\/wp\/v2\/posts\/2884\/revisions\/2886"}],"wp:featuredmedia":[{"embeddable":true,"href":"https:\/\/tamaulipasmiregion.com\/index.php?rest_route=\/wp\/v2\/media\/2885"}],"wp:attachment":[{"href":"https:\/\/tamaulipasmiregion.com\/index.php?rest_route=%2Fwp%2Fv2%2Fmedia&parent=2884"}],"wp:term":[{"taxonomy":"category","embeddable":true,"href":"https:\/\/tamaulipasmiregion.com\/index.php?rest_route=%2Fwp%2Fv2%2Fcategories&post=2884"},{"taxonomy":"post_tag","embeddable":true,"href":"https:\/\/tamaulipasmiregion.com\/index.php?rest_route=%2Fwp%2Fv2%2Ftags&post=2884"}],"curies":[{"name":"wp","href":"https:\/\/api.w.org\/{rel}","templated":true}]}}