{"id":2890,"date":"2024-11-24T20:16:54","date_gmt":"2024-11-24T20:16:54","guid":{"rendered":"https:\/\/tamaulipasmiregion.com\/?p=2890"},"modified":"2024-12-10T21:34:32","modified_gmt":"2024-12-10T21:34:32","slug":"la-uat-y-colegio-de-agronomos-plantean-proyecto-de-apoyo-al-campo","status":"publish","type":"post","link":"https:\/\/tamaulipasmiregion.com\/?p=2890","title":{"rendered":"La UAT y colegio de agr\u00f3nomos plantean proyecto de apoyo al campo"},"content":{"rendered":"<p>La Universidad Aut\u00f3 n\u00f3ma de Tamaulipas (UAT), en c\u00f3\u00f3rdinaci\u00f3 n c\u00f3n el C\u00f3legi\u00f3 de<br \/>\nIngenier\u00f3s Agr\u00f3 n\u00f3m\u00f3s del N\u00f3rte de Tamaulipas, present\u00f3 un pr\u00f3yect\u00f3 para analizar la<br \/>\nsituaci\u00f3 n del camp\u00f3 tamaulipec\u00f3, implementar estrategias de desarr\u00f3ll\u00f3, servici\u00f3s<br \/>\neducativ\u00f3s y transferencia de tecn\u00f3l\u00f3g\u00ed a en benefici\u00f3 de las c\u00f3munidades rurales.<br \/>\nLa iniciativa, den\u00f3minada Pr\u00f3grama Universitari\u00f3 de Ap\u00f3y\u00f3 Integral al Camp\u00f3<br \/>\n(PUAIC), se present\u00f3 en el marc\u00f3 de la reuni\u00f3 n que presidi\u00f3 el rect\u00f3r Da mas\u00f3 Anaya<br \/>\nAlvarad\u00f3 c\u00f3n integrantes del c\u00f3legi\u00f3 de agr\u00f3 n\u00f3m\u00f3s en la Unidad Acade mica<br \/>\nMultidisciplinaria R\u00ed \u00f3 Brav\u00f3.<br \/>\nEn su \u00f3p\u00f3rtunidad, Da mas\u00f3 Anaya destac\u00f3 el intere s de la UAT p\u00f3r generar<br \/>\npr\u00f3yect\u00f3s que ap\u00f3rten al desarr\u00f3ll\u00f3 del agr\u00f3 tamaulipec\u00f3, as\u00ed c\u00f3m\u00f3 al bienestar y a la<br \/>\nigualdad de \u00f3p\u00f3rtunidades de la p\u00f3blaci\u00f3 n en las c\u00f3munidades rurales.<br \/>\nSen al\u00f3 que l\u00f3s universitari\u00f3s esta n ap\u00f3rtand\u00f3 la investigaci\u00f3 n y la tecn\u00f3l\u00f3g\u00ed a<br \/>\npara c\u00f3lab\u00f3rar en distint\u00f3s pr\u00f3yect\u00f3s de desarr\u00f3ll\u00f3 s\u00f3cial, destaca nd\u00f3se la<br \/>\nparticipaci\u00f3 n en l\u00f3s trabaj\u00f3s que encabeza el G\u00f3biern\u00f3 de Tamaulipas.<br \/>\nP\u00f3r su parte, el presidente del C\u00f3legi\u00f3 de Ingenier\u00f3s Agr\u00f3 n\u00f3m\u00f3s del N\u00f3rte de<br \/>\nTamaulipas, J\u00f3se Luis Sua rez Vera, agradeci\u00f3 al rect\u00f3r de la UAT su disp\u00f3sici\u00f3 n para<br \/>\nc\u00f3lab\u00f3rar c\u00f3n esta iniciativa, cuy\u00f3 \u00f3bjetiv\u00f3 es enc\u00f3ntrar alternativas de s\u00f3luci\u00f3 n a<br \/>\ndiferentes necesidades que enfrenta el camp\u00f3 tamaulipec\u00f3.<br \/>\nExpres\u00f3 su c\u00f3nfianza de que, mediante este esfuerz\u00f3 c\u00f3njunt\u00f3, se enc\u00f3ntrara n<br \/>\nlas s\u00f3luci\u00f3nes ma s adecuadas, que c\u00f3ns\u00f3liden este imp\u00f3rtante v\u00ed ncul\u00f3 acade mic\u00f3,<br \/>\npr\u00f3fesi\u00f3nal y, s\u00f3bre t\u00f3d\u00f3, human\u00f3.<br \/>\nEn el pr\u00f3yect\u00f3 se detall\u00f3 el pr\u00f3p\u00f3 sit\u00f3 de ap\u00f3yar desde las dependencias<br \/>\nacade micas de la UAT ubicadas en Reyn\u00f3sa, R\u00ed \u00f3 Brav\u00f3, Matam\u00f3r\u00f3s y Valle Herm\u00f3s\u00f3,<br \/>\nmediante la atenci\u00f3 n en aspect\u00f3s relaci\u00f3nad\u00f3s c\u00f3n el pr\u00f3ces\u00f3 de pr\u00f3ducci\u00f3 n<br \/>\nagr\u00f3pecuaria y la salud de l\u00f3s habitantes de las c\u00f3munidades rurales.<br \/>\nTambie n se busca ap\u00f3yar la educaci\u00f3 n de las mujeres inv\u00f3lucradas en<br \/>\npr\u00f3yect\u00f3s pr\u00f3ductiv\u00f3s y a l\u00f3s j\u00f3 venes c\u00f3n p\u00f3sibilidad de cursar estudi\u00f3s universitari\u00f3s.<br \/>\nLa iniciativa c\u00f3ntempla la realizaci\u00f3 n de un f\u00f3r\u00f3 te cnic\u00f3 para analizar la<br \/>\nviabilidad del m\u00f3del\u00f3 agr\u00ed c\u00f3la que se desarr\u00f3lla en la regi\u00f3 n n\u00f3rte de Tamaulipas, c\u00f3n<br \/>\nel \u00f3bjetiv\u00f3 de generar un plan de gran visi\u00f3 n que plasme l\u00f3s escenari\u00f3s de c\u00f3rt\u00f3,<br \/>\nmedian\u00f3 y larg\u00f3 plaz\u00f3 que ma s c\u00f3nvengan para el futur\u00f3 de la agricultura regi\u00f3nal.<\/p>\n","protected":false},"excerpt":{"rendered":"La Universidad Aut\u00f3 n\u00f3ma de Tamaulipas (UAT), en c\u00f3\u00f3rdinaci\u00f3 n c\u00f3n el C\u00f3legi\u00f3 de Ingenier\u00f3s Agr\u00f3 n\u00f3m\u00f3s del N\u00f3rte de Tamaulipas, present\u00f3 un pr\u00f3yect\u00f3 para analizar la situaci\u00f3 n del camp\u00f3 tamaulipec\u00f3, implementar estrategias de desarr\u00f3ll\u00f3, servici\u00f3s educativ\u00f3s y transferencia de tecn\u00f3l\u00f3g\u00ed a en benefici\u00f3 de las c\u00f3munidades rurales. La iniciativa, den\u00f3minada Pr\u00f3grama Universitari\u00f3 de","protected":false},"author":1,"featured_media":2891,"comment_status":"open","ping_status":"open","sticky":false,"template":"","format":"standard","meta":{"_monsterinsights_skip_tracking":false,"_monsterinsights_sitenote_active":false,"_monsterinsights_sitenote_note":"","_monsterinsights_sitenote_category":0,"footnotes":""},"categories":[3],"tags":[],"class_list":["post-2890","post","type-post","status-publish","format-standard","has-post-thumbnail","hentry","category-noticias"],"aioseo_notices":[],"amp_enabled":true,"_links":{"self":[{"href":"https:\/\/tamaulipasmiregion.com\/index.php?rest_route=\/wp\/v2\/posts\/2890","targetHints":{"allow":["GET"]}}],"collection":[{"href":"https:\/\/tamaulipasmiregion.com\/index.php?rest_route=\/wp\/v2\/posts"}],"about":[{"href":"https:\/\/tamaulipasmiregion.com\/index.php?rest_route=\/wp\/v2\/types\/post"}],"author":[{"embeddable":true,"href":"https:\/\/tamaulipasmiregion.com\/index.php?rest_route=\/wp\/v2\/users\/1"}],"replies":[{"embeddable":true,"href":"https:\/\/tamaulipasmiregion.com\/index.php?rest_route=%2Fwp%2Fv2%2Fcomments&post=2890"}],"version-history":[{"count":1,"href":"https:\/\/tamaulipasmiregion.com\/index.php?rest_route=\/wp\/v2\/posts\/2890\/revisions"}],"predecessor-version":[{"id":2892,"href":"https:\/\/tamaulipasmiregion.com\/index.php?rest_route=\/wp\/v2\/posts\/2890\/revisions\/2892"}],"wp:featuredmedia":[{"embeddable":true,"href":"https:\/\/tamaulipasmiregion.com\/index.php?rest_route=\/wp\/v2\/media\/2891"}],"wp:attachment":[{"href":"https:\/\/tamaulipasmiregion.com\/index.php?rest_route=%2Fwp%2Fv2%2Fmedia&parent=2890"}],"wp:term":[{"taxonomy":"category","embeddable":true,"href":"https:\/\/tamaulipasmiregion.com\/index.php?rest_route=%2Fwp%2Fv2%2Fcategories&post=2890"},{"taxonomy":"post_tag","embeddable":true,"href":"https:\/\/tamaulipasmiregion.com\/index.php?rest_route=%2Fwp%2Fv2%2Ftags&post=2890"}],"curies":[{"name":"wp","href":"https:\/\/api.w.org\/{rel}","templated":true}]}}