{"id":2914,"date":"2024-12-02T20:41:38","date_gmt":"2024-12-02T20:41:38","guid":{"rendered":"https:\/\/tamaulipasmiregion.com\/?p=2914"},"modified":"2024-12-10T21:29:06","modified_gmt":"2024-12-10T21:29:06","slug":"gobernador-y-rector-hacen-entrega-historica-de-equipos-de-computo-a-estudiantes-y-docentes-de-la-uat","status":"publish","type":"post","link":"https:\/\/tamaulipasmiregion.com\/?p=2914","title":{"rendered":"Gobernador y rector hacen entrega hist\u00f3rica de equipos de c\u00f3mputo a estudiantes y docentes de la UAT"},"content":{"rendered":"<p>M\u00e1s de cinco mil computadoras port\u00e1tiles son destinadas al personal acad\u00e9mico,<br \/>\nas\u00ed como a estudiantes de todos los planteles de la UAT.<br \/>\nEn un acto histo rico, el gobernador Ame rico Villarreal Anaya y el rector Da maso Anaya<br \/>\nAlvarado realizaron la entrega simbo lica de ma s de cinco mil equipos de co mputo<br \/>\nporta til para estudiantes y docentes de la Universidad Auto noma de Tamaulipas (UAT).<br \/>\nEn este marco, el gobernador reafirmo su respaldo al proyecto de Da maso<br \/>\nAnaya, y sen alo que la entrega de material tecnolo gico confirma la transformacio n<br \/>\nprofunda que vive la UAT, y que se percibe en un cambio de modelo, as\u00ed como en el<br \/>\ndestino de sus recursos y la definicio n de sus prioridades.<br \/>\nEl gobernador encabezo la ceremonia c\u00ed vica de honores a la bandera en el<br \/>\nGimnasio Multidisciplinario de la UAT, donde destaco la relevancia de este acto en el<br \/>\nque, por primera vez, se hace entrega a los universitarios de este importante recurso<br \/>\npara apoyar la labor docente y el esfuerzo de sus estudiantes para formarse con las<br \/>\nmejores herramientas.<br \/>\nRefirio que, en su transicio n hacia una perspectiva humanista, inclusiva y de<br \/>\nmayor vinculacio n y responsabilidad social, la UAT tambie n ha mostrado mejor\u00ed a en las<br \/>\ncondiciones materiales de sus instalaciones y en el a nimo que recorre en sus aulas y<br \/>\nespacios acade micos.<br \/>\nDestaco su reconocimiento al liderazgo del rector Da maso Anaya y lo que esta<br \/>\ncomunidad universitaria ha logrado justamente a un an o de haber iniciado esta nueva<br \/>\netapa de su vida institucional.<br \/>\nAfirmo que la nueva perspectiva universitaria es coincidente con el enfoque del<br \/>\nGobierno de Tamaulipas, por lo que celebro que se fortalezcan los lazos en una etapa de<br \/>\nfuerte colaboracio n para el bien de la sociedad.<br \/>\nPor su parte, el rector Da maso Anaya Alvarado comento que la misio n de la UAT<br \/>\nes ser un pilar del desarrollo regional generando conocimientos que respondan a las<br \/>\nnecesidades locales y globales.<br \/>\nSostuvo que se ha trabajado con firmeza y determinacio n para consolidar un<br \/>\nmodelo universitario humanista, incluyente, que se preocupa por la formacio n<br \/>\nacade mica de los estudiantes y por su desarrollo integral como ciudadanos<br \/>\nresponsables y comprometidos con su entorno.<br \/>\nReconocio el apoyo del gobernador Ame rico Villarreal, para avanzar en la<br \/>\nconstruccio n de una universidad ma s equitativa, ma s inclusiva y conectada con la<br \/>\nsociedad.<br \/>\nEn ese sentido, subrayo como ejemplo la entrega de cinco mil noventa<br \/>\ncomputadoras porta tiles, de las cuales dos mil cuatrocientas cuarenta y cinco sera n<br \/>\ndestinadas a estudiantes y dos mil seiscientas cuarenta y cinco, a docentes.<br \/>\nPuntualizo que con este esfuerzo se reduce la brecha digital al lograr que<br \/>\nestudiantes y maestros cuenten con los recursos necesarios para una educacio n de<br \/>\ncalidad.<br \/>\nEl evento conto con la presencia de secretarios del Gobierno de Tamaulipas,<br \/>\nrepresentantes de los Poderes Legislativo y Judicial, autoridades militares, funcionarios<br \/>\nde la Rector\u00ed a, docentes y estudiantes de la UAT.<\/p>\n","protected":false},"excerpt":{"rendered":"M\u00e1s de cinco mil computadoras port\u00e1tiles son destinadas al personal acad\u00e9mico, as\u00ed como a estudiantes de todos los planteles de la UAT. En un acto histo rico, el gobernador Ame rico Villarreal Anaya y el rector Da maso Anaya Alvarado realizaron la entrega simbo lica de ma s de cinco mil equipos de co mputo","protected":false},"author":1,"featured_media":2915,"comment_status":"open","ping_status":"open","sticky":false,"template":"","format":"standard","meta":{"_monsterinsights_skip_tracking":false,"_monsterinsights_sitenote_active":false,"_monsterinsights_sitenote_note":"","_monsterinsights_sitenote_category":0,"footnotes":""},"categories":[3],"tags":[],"class_list":["post-2914","post","type-post","status-publish","format-standard","has-post-thumbnail","hentry","category-noticias"],"aioseo_notices":[],"amp_enabled":true,"_links":{"self":[{"href":"https:\/\/tamaulipasmiregion.com\/index.php?rest_route=\/wp\/v2\/posts\/2914","targetHints":{"allow":["GET"]}}],"collection":[{"href":"https:\/\/tamaulipasmiregion.com\/index.php?rest_route=\/wp\/v2\/posts"}],"about":[{"href":"https:\/\/tamaulipasmiregion.com\/index.php?rest_route=\/wp\/v2\/types\/post"}],"author":[{"embeddable":true,"href":"https:\/\/tamaulipasmiregion.com\/index.php?rest_route=\/wp\/v2\/users\/1"}],"replies":[{"embeddable":true,"href":"https:\/\/tamaulipasmiregion.com\/index.php?rest_route=%2Fwp%2Fv2%2Fcomments&post=2914"}],"version-history":[{"count":1,"href":"https:\/\/tamaulipasmiregion.com\/index.php?rest_route=\/wp\/v2\/posts\/2914\/revisions"}],"predecessor-version":[{"id":2916,"href":"https:\/\/tamaulipasmiregion.com\/index.php?rest_route=\/wp\/v2\/posts\/2914\/revisions\/2916"}],"wp:featuredmedia":[{"embeddable":true,"href":"https:\/\/tamaulipasmiregion.com\/index.php?rest_route=\/wp\/v2\/media\/2915"}],"wp:attachment":[{"href":"https:\/\/tamaulipasmiregion.com\/index.php?rest_route=%2Fwp%2Fv2%2Fmedia&parent=2914"}],"wp:term":[{"taxonomy":"category","embeddable":true,"href":"https:\/\/tamaulipasmiregion.com\/index.php?rest_route=%2Fwp%2Fv2%2Fcategories&post=2914"},{"taxonomy":"post_tag","embeddable":true,"href":"https:\/\/tamaulipasmiregion.com\/index.php?rest_route=%2Fwp%2Fv2%2Ftags&post=2914"}],"curies":[{"name":"wp","href":"https:\/\/api.w.org\/{rel}","templated":true}]}}