{"id":2917,"date":"2024-12-03T20:44:32","date_gmt":"2024-12-03T20:44:32","guid":{"rendered":"https:\/\/tamaulipasmiregion.com\/?p=2917"},"modified":"2024-12-10T21:28:20","modified_gmt":"2024-12-10T21:28:20","slug":"incrementa-la-uat-el-apoyo-de-becas-a-sus-estudiantes","status":"publish","type":"post","link":"https:\/\/tamaulipasmiregion.com\/?p=2917","title":{"rendered":"Incrementa la UAT el apoyo de becas a sus estudiantes"},"content":{"rendered":"<p>La Universidad Aut\u00f3noma de Tamaulipas (UAT) ha incrementado el n\u00famero de becas que se otorgan a sus estudiantes, privilegiando a quienes destacan por su esfuerzo acad\u00e9mico, pero tambi\u00e9n tomando en cuenta a quienes por motivos econ\u00f3micos ponen en riesgo sus estudios profesionales, asegur\u00f3 el rector D\u00e1maso Anaya Alvarado.<br \/>\n                          En ese sentido, el rector de la UAT dijo que en el \u00faltimo a\u00f1o se logr\u00f3 duplicar el n\u00famero de becas dirigidas a estudiantes de educaci\u00f3n media superior y superior, pasando de seis mil quinientos apoyos a casi trece mil incentivos.<br \/>\n                       Destac\u00f3 que para su administraci\u00f3n es muy importante brindar las mejores oportunidades a los alumnos de la UAT, adem\u00e1s de apoyos econ\u00f3micos en favor de los j\u00f3venes que, por diversas circunstancias, est\u00e1n en condiciones de vulnerabilidad.<br \/>\n                    D\u00e1maso Anaya se\u00f1al\u00f3 que esta visi\u00f3n es parte del nuevo proyecto de la UAT, mediante el cual se construye una universidad con rostro humano, que no solo forma profesionales competentes, sino ciudadanos conscientes, capaces de contribuir al bienestar y al desarrollo de la regi\u00f3n.<br \/>\n                 Entre los apoyos que reciben los estudiantes de la UAT se destacan las becas Futuro Tamaulipas, J\u00f3venes de Nivel Superior, que otorga el Gobierno del Estado a trav\u00e9s del Instituto Tamaulipeco de Becas, Est\u00edmulos y Cr\u00e9ditos Educativos (ITABEC); en este rubro en la convocatoria m\u00e1s reciente resultaron beneficiados 9088 estudiantes, lo que representa un aumento del 29.4 % en comparaci\u00f3n con las becas otorgadas en el a\u00f1o anterior.<br \/>\n                De igual manera, durante los ciclos escolares de primavera, verano y oto\u00f1o 2024, se logr\u00f3 un incremento del 2.4% en las becas de inscripci\u00f3n. Adem\u00e1s, en cada per\u00edodo se otorgan est\u00edmulos econ\u00f3micos a hijos del personal docente que destacaron por su alto desempe\u00f1o en las distintas escuelas, facultades y unidades acad\u00e9micas de esta casa de estudios.<br \/>\n            Durante la presente administraci\u00f3n se ha creado la convocatoria Beca UAT para el per\u00edodo 2025-1, dirigida a estudiantes que representan a la universidad en actividades deportivas o culturales, o bien, que participan en programas de humanismo social.<br \/>\n            Tambi\u00e9n por primera vez se emiti\u00f3 este a\u00f1o la convocatoria de apoyos para estudiantes con discapacidad permanente que est\u00e9n pr\u00f3ximos a ingresar o reinscribirse en alg\u00fan programa de bachillerato, licenciatura o posgrado en la UAT.<br \/>\n             De igual manera se instituy\u00f3 y entreg\u00f3 por primera vez la beca Labor Humanista, que recientemente se otorg\u00f3 a veinte estudiantes en reconocimiento a los valores de la generosidad, la solidaridad, el respeto y el bien com\u00fan.<br \/>\n             Al cierre del periodo escolar se reconoci\u00f3 con la beca de excelencia acad\u00e9mica a ciento treinta y seis estudiantes de bachillerato, t\u00e9cnico superior y licenciatura, y se otorgaron quinientos treinta y cuatro est\u00edmulos econ\u00f3micos a los promedios m\u00e1s altos de cada grado y programa.<\/p>\n","protected":false},"excerpt":{"rendered":"La Universidad Aut\u00f3noma de Tamaulipas (UAT) ha incrementado el n\u00famero de becas que se otorgan a sus estudiantes, privilegiando a quienes destacan por su esfuerzo acad\u00e9mico, pero tambi\u00e9n tomando en cuenta a quienes por motivos econ\u00f3micos ponen en riesgo sus estudios profesionales, asegur\u00f3 el rector D\u00e1maso Anaya Alvarado. En ese sentido, el rector de la","protected":false},"author":1,"featured_media":2918,"comment_status":"open","ping_status":"open","sticky":false,"template":"","format":"standard","meta":{"_monsterinsights_skip_tracking":false,"_monsterinsights_sitenote_active":false,"_monsterinsights_sitenote_note":"","_monsterinsights_sitenote_category":0,"footnotes":""},"categories":[3],"tags":[],"class_list":["post-2917","post","type-post","status-publish","format-standard","has-post-thumbnail","hentry","category-noticias"],"aioseo_notices":[],"amp_enabled":true,"_links":{"self":[{"href":"https:\/\/tamaulipasmiregion.com\/index.php?rest_route=\/wp\/v2\/posts\/2917","targetHints":{"allow":["GET"]}}],"collection":[{"href":"https:\/\/tamaulipasmiregion.com\/index.php?rest_route=\/wp\/v2\/posts"}],"about":[{"href":"https:\/\/tamaulipasmiregion.com\/index.php?rest_route=\/wp\/v2\/types\/post"}],"author":[{"embeddable":true,"href":"https:\/\/tamaulipasmiregion.com\/index.php?rest_route=\/wp\/v2\/users\/1"}],"replies":[{"embeddable":true,"href":"https:\/\/tamaulipasmiregion.com\/index.php?rest_route=%2Fwp%2Fv2%2Fcomments&post=2917"}],"version-history":[{"count":1,"href":"https:\/\/tamaulipasmiregion.com\/index.php?rest_route=\/wp\/v2\/posts\/2917\/revisions"}],"predecessor-version":[{"id":2919,"href":"https:\/\/tamaulipasmiregion.com\/index.php?rest_route=\/wp\/v2\/posts\/2917\/revisions\/2919"}],"wp:featuredmedia":[{"embeddable":true,"href":"https:\/\/tamaulipasmiregion.com\/index.php?rest_route=\/wp\/v2\/media\/2918"}],"wp:attachment":[{"href":"https:\/\/tamaulipasmiregion.com\/index.php?rest_route=%2Fwp%2Fv2%2Fmedia&parent=2917"}],"wp:term":[{"taxonomy":"category","embeddable":true,"href":"https:\/\/tamaulipasmiregion.com\/index.php?rest_route=%2Fwp%2Fv2%2Fcategories&post=2917"},{"taxonomy":"post_tag","embeddable":true,"href":"https:\/\/tamaulipasmiregion.com\/index.php?rest_route=%2Fwp%2Fv2%2Ftags&post=2917"}],"curies":[{"name":"wp","href":"https:\/\/api.w.org\/{rel}","templated":true}]}}