{"id":2927,"date":"2024-12-06T20:55:08","date_gmt":"2024-12-06T20:55:08","guid":{"rendered":"https:\/\/tamaulipasmiregion.com\/?p=2927"},"modified":"2024-12-10T21:27:05","modified_gmt":"2024-12-10T21:27:05","slug":"consolida-la-uat-alianza-internacional-para-impulsar-el-emprendimiento-social","status":"publish","type":"post","link":"https:\/\/tamaulipasmiregion.com\/?p=2927","title":{"rendered":"Consolida la UAT alianza internacional para impulsar el emprendimiento social"},"content":{"rendered":"<p>La Universidad Aut\u00f3 n\u00f3ma de Tamaulipas (UAT) c\u00f3ns\u00f3lid\u00f3 una c\u00f3lab\u00f3raci\u00f3 n c\u00f3n la<br \/>\nEscuela de Ec\u00f3n\u00f3m\u00ed a S\u00f3cial de Osuna, en Andaluc\u00ed a, Espan a, mediante la cual se busca<br \/>\ncrear para 2025 un Dipl\u00f3mad\u00f3 en Ec\u00f3n\u00f3m\u00ed a S\u00f3cial y pr\u00f3gramas de capacitaci\u00f3 n<br \/>\nalinead\u00f3s c\u00f3n las p\u00f3l\u00ed ticas pu blicas impulsadas tant\u00f3 a nivel estatal c\u00f3m\u00f3 naci\u00f3nal a fin<br \/>\nde impulsar el ec\u00f3sistema de emprendimient\u00f3 s\u00f3cial en Tamaulipas.<br \/>\nEn un enlace p\u00f3r vide\u00f3c\u00f3nferencia, el rect\u00f3r de la UAT, Da mas\u00f3 Anaya Alvarad\u00f3,<br \/>\ny el direct\u00f3r de la Escuela de Ec\u00f3n\u00f3m\u00ed a S\u00f3cial de Osuna, Dr. J\u00f3se Ariza Reyes, ac\u00f3rdar\u00f3n<br \/>\nestablecer una ruta c\u00f3njunta para f\u00f3rtalecer esta c\u00f3lab\u00f3raci\u00f3 n que resalta el<br \/>\nc\u00f3mpr\u00f3mis\u00f3 instituci\u00f3nal en la f\u00f3rmaci\u00f3 n de emprended\u00f3res s\u00f3ciales en Me xic\u00f3,<br \/>\nbeneficiand\u00f3 a la c\u00f3munidad universitaria y generand\u00f3 un impact\u00f3 direct\u00f3 en las<br \/>\nc\u00f3munidades de Tamaulipas.<br \/>\nAc\u00f3mpan ad\u00f3 de la secretaria de Gesti\u00f3 n Esc\u00f3lar de la UAT, Dra. Alma Amalia<br \/>\nHerna ndez Ilizaliturri, el rect\u00f3r destac\u00f3 que este acuerd\u00f3 c\u00f3ns\u00f3lida el impuls\u00f3 a las<br \/>\np\u00f3l\u00ed ticas pu blicas de emprendimient\u00f3 s\u00f3cial c\u00f3n el fin de pr\u00f3m\u00f3ver la creaci\u00f3 n de<br \/>\nemple\u00f3, el desarr\u00f3ll\u00f3 ec\u00f3n\u00f3 mic\u00f3 l\u00f3cal y la mej\u00f3ra de la calidad de vida en las z\u00f3nas<br \/>\nrurales y suburbanas.<br \/>\nDe igual f\u00f3rma, Ariza Reyes resalt\u00f3 el entusiasm\u00f3 de la Escuela de Ec\u00f3n\u00f3m\u00ed a<br \/>\nS\u00f3cial de Osuna p\u00f3r c\u00f3lab\u00f3rar c\u00f3n la UAT, destacand\u00f3 que esta alianza permitira<br \/>\ntransferir experiencia en la f\u00f3rmaci\u00f3 n de pr\u00f3m\u00f3t\u00f3res de emprendimient\u00f3 s\u00f3cial.<br \/>\nC\u00f3m\u00f3 resultad\u00f3 se pr\u00f3yecta impartir el dipl\u00f3mad\u00f3 para las alcald\u00ed as del estad\u00f3,<br \/>\nadaptad\u00f3 al c\u00f3ntext\u00f3 regi\u00f3nal, dirigid\u00f3 a agentes de desarr\u00f3ll\u00f3, te cnic\u00f3s y<br \/>\nadministrad\u00f3res l\u00f3cales para capacitarl\u00f3s en la gesti\u00f3 n de pr\u00f3yect\u00f3s de<br \/>\nemprendimient\u00f3 s\u00f3cial y s\u00f3lidari\u00f3.<br \/>\nEstara centrad\u00f3 tambie n en la f\u00f3rmaci\u00f3 n de ment\u00f3res y pr\u00f3m\u00f3t\u00f3res que ap\u00f3yen a<br \/>\nl\u00f3s emprended\u00f3res l\u00f3cales en la implementaci\u00f3 n de sus iniciativas, asegurand\u00f3 as\u00ed un<br \/>\nimpact\u00f3 direct\u00f3 en las c\u00f3munidades del estad\u00f3.<br \/>\nEn ese sentid\u00f3, la UAT cuenta tambie n c\u00f3n tres d\u00f3centes que se han preparad\u00f3 en<br \/>\nla Escuela de Ec\u00f3n\u00f3m\u00ed a S\u00f3cial de Osuna para adquirir c\u00f3n\u00f3cimient\u00f3s en m\u00f3del\u00f3s de<br \/>\nemprendimient\u00f3 s\u00f3cial adaptad\u00f3s a necesidades espec\u00ed ficas del estad\u00f3 de Tamaulipas.<\/p>\n","protected":false},"excerpt":{"rendered":"La Universidad Aut\u00f3 n\u00f3ma de Tamaulipas (UAT) c\u00f3ns\u00f3lid\u00f3 una c\u00f3lab\u00f3raci\u00f3 n c\u00f3n la Escuela de Ec\u00f3n\u00f3m\u00ed a S\u00f3cial de Osuna, en Andaluc\u00ed a, Espan a, mediante la cual se busca crear para 2025 un Dipl\u00f3mad\u00f3 en Ec\u00f3n\u00f3m\u00ed a S\u00f3cial y pr\u00f3gramas de capacitaci\u00f3 n alinead\u00f3s c\u00f3n las p\u00f3l\u00ed ticas pu blicas impulsadas tant\u00f3 a nivel","protected":false},"author":1,"featured_media":2928,"comment_status":"open","ping_status":"open","sticky":false,"template":"","format":"standard","meta":{"_monsterinsights_skip_tracking":false,"_monsterinsights_sitenote_active":false,"_monsterinsights_sitenote_note":"","_monsterinsights_sitenote_category":0,"footnotes":""},"categories":[3],"tags":[],"class_list":["post-2927","post","type-post","status-publish","format-standard","has-post-thumbnail","hentry","category-noticias"],"aioseo_notices":[],"amp_enabled":true,"_links":{"self":[{"href":"https:\/\/tamaulipasmiregion.com\/index.php?rest_route=\/wp\/v2\/posts\/2927","targetHints":{"allow":["GET"]}}],"collection":[{"href":"https:\/\/tamaulipasmiregion.com\/index.php?rest_route=\/wp\/v2\/posts"}],"about":[{"href":"https:\/\/tamaulipasmiregion.com\/index.php?rest_route=\/wp\/v2\/types\/post"}],"author":[{"embeddable":true,"href":"https:\/\/tamaulipasmiregion.com\/index.php?rest_route=\/wp\/v2\/users\/1"}],"replies":[{"embeddable":true,"href":"https:\/\/tamaulipasmiregion.com\/index.php?rest_route=%2Fwp%2Fv2%2Fcomments&post=2927"}],"version-history":[{"count":1,"href":"https:\/\/tamaulipasmiregion.com\/index.php?rest_route=\/wp\/v2\/posts\/2927\/revisions"}],"predecessor-version":[{"id":2929,"href":"https:\/\/tamaulipasmiregion.com\/index.php?rest_route=\/wp\/v2\/posts\/2927\/revisions\/2929"}],"wp:featuredmedia":[{"embeddable":true,"href":"https:\/\/tamaulipasmiregion.com\/index.php?rest_route=\/wp\/v2\/media\/2928"}],"wp:attachment":[{"href":"https:\/\/tamaulipasmiregion.com\/index.php?rest_route=%2Fwp%2Fv2%2Fmedia&parent=2927"}],"wp:term":[{"taxonomy":"category","embeddable":true,"href":"https:\/\/tamaulipasmiregion.com\/index.php?rest_route=%2Fwp%2Fv2%2Fcategories&post=2927"},{"taxonomy":"post_tag","embeddable":true,"href":"https:\/\/tamaulipasmiregion.com\/index.php?rest_route=%2Fwp%2Fv2%2Ftags&post=2927"}],"curies":[{"name":"wp","href":"https:\/\/api.w.org\/{rel}","templated":true}]}}