{"id":2957,"date":"2024-12-14T00:20:27","date_gmt":"2024-12-14T00:20:27","guid":{"rendered":"https:\/\/tamaulipasmiregion.com\/?p=2957"},"modified":"2025-01-07T00:21:47","modified_gmt":"2025-01-07T00:21:47","slug":"inicia-la-uat-su-periodo-vacacional-de-invierno","status":"publish","type":"post","link":"https:\/\/tamaulipasmiregion.com\/?p=2957","title":{"rendered":"Inicia la UAT su periodo vacacional de invierno"},"content":{"rendered":"<p>La Universidad Aut\u00f3noma de Tamaulipas (UAT) ha concluido el ciclo escolar de oto\u00f1o 2024 y dar\u00e1 inicio al periodo vacacional de invierno que comprender\u00e1 del 16 de diciembre de 2024 al 3 de enero de 2025 en todas sus dependencias acad\u00e9micas y administrativas.<br \/>\nEl rector de la UAT, D\u00e1maso Anaya Alvarado, ha participado en diversas actividades conmemorativas de la temporada decembrina deseando a toda la comunidad universitaria unas felices fiestas.<br \/>\nEn su mensaje, reconoci\u00f3 el esfuerzo y dedicaci\u00f3n de estudiantes, docentes y personal administrativo, y destac\u00f3 que el cierre del a\u00f1o es una oportunidad para reafirmar los valores que identifican a esta casa de estudios y fortalecer el compromiso con la educaci\u00f3n y el bienestar de las familias universitarias.<br \/>\nAl concluir las actividades administrativas en las secretar\u00edas, direcciones, departamentos y \u00e1reas de la Rector\u00eda, as\u00ed como en las diferentes dependencias acad\u00e9micas de toda la Universidad, el personal universitario disfrutar\u00e1 de este periodo de asueto y reanudar\u00e1 labores el pr\u00f3ximo lunes 6 de enero de 2025.<br \/>\nConforme al calendario oficial de la UAT, el ciclo escolar de oto\u00f1o (2024-3), que se inici\u00f3 el 19 de agosto, concluy\u00f3 este mes con el cierre del periodo de evaluaciones ordinarias y la entrega de las actas correspondientes.<br \/>\nAdem\u00e1s, el pasado 21 de noviembre se llev\u00f3 a cabo la aplicaci\u00f3n del examen CENEVAL para aspirantes a ingresar a las carreras que ofrece la Universidad en el periodo 2025-1. Los resultados se publicaron el 12 de diciembre, y los aspirantes continuar\u00e1n con su proceso de admisi\u00f3n en el pr\u00f3ximo mes de enero.<br \/>\nLas actividades administrativas y acad\u00e9micas de la UAT se reanudar\u00e1n el 6 de enero de 2025, y del 7 al 20 de enero se llevar\u00e1 a cabo el periodo de inscripciones y reinscripciones para el ciclo primavera 2025-1. Posteriormente, se dar\u00e1 paso al inicio de clases marcado para el 13 de enero. El calendario escolar y administrativo de la UAT est\u00e1 disponible para su consulta en el portal oficial www.uat.edu.mx.<\/p>\n","protected":false},"excerpt":{"rendered":"La Universidad Aut\u00f3noma de Tamaulipas (UAT) ha concluido el ciclo escolar de oto\u00f1o 2024 y dar\u00e1 inicio al periodo vacacional de invierno que comprender\u00e1 del 16 de diciembre de 2024 al 3 de enero de 2025 en todas sus dependencias acad\u00e9micas y administrativas. El rector de la UAT, D\u00e1maso Anaya Alvarado, ha participado en diversas","protected":false},"author":1,"featured_media":2958,"comment_status":"open","ping_status":"open","sticky":false,"template":"","format":"standard","meta":{"_monsterinsights_skip_tracking":false,"_monsterinsights_sitenote_active":false,"_monsterinsights_sitenote_note":"","_monsterinsights_sitenote_category":0,"footnotes":""},"categories":[3],"tags":[],"class_list":["post-2957","post","type-post","status-publish","format-standard","has-post-thumbnail","hentry","category-noticias"],"aioseo_notices":[],"amp_enabled":true,"_links":{"self":[{"href":"https:\/\/tamaulipasmiregion.com\/index.php?rest_route=\/wp\/v2\/posts\/2957","targetHints":{"allow":["GET"]}}],"collection":[{"href":"https:\/\/tamaulipasmiregion.com\/index.php?rest_route=\/wp\/v2\/posts"}],"about":[{"href":"https:\/\/tamaulipasmiregion.com\/index.php?rest_route=\/wp\/v2\/types\/post"}],"author":[{"embeddable":true,"href":"https:\/\/tamaulipasmiregion.com\/index.php?rest_route=\/wp\/v2\/users\/1"}],"replies":[{"embeddable":true,"href":"https:\/\/tamaulipasmiregion.com\/index.php?rest_route=%2Fwp%2Fv2%2Fcomments&post=2957"}],"version-history":[{"count":1,"href":"https:\/\/tamaulipasmiregion.com\/index.php?rest_route=\/wp\/v2\/posts\/2957\/revisions"}],"predecessor-version":[{"id":2959,"href":"https:\/\/tamaulipasmiregion.com\/index.php?rest_route=\/wp\/v2\/posts\/2957\/revisions\/2959"}],"wp:featuredmedia":[{"embeddable":true,"href":"https:\/\/tamaulipasmiregion.com\/index.php?rest_route=\/wp\/v2\/media\/2958"}],"wp:attachment":[{"href":"https:\/\/tamaulipasmiregion.com\/index.php?rest_route=%2Fwp%2Fv2%2Fmedia&parent=2957"}],"wp:term":[{"taxonomy":"category","embeddable":true,"href":"https:\/\/tamaulipasmiregion.com\/index.php?rest_route=%2Fwp%2Fv2%2Fcategories&post=2957"},{"taxonomy":"post_tag","embeddable":true,"href":"https:\/\/tamaulipasmiregion.com\/index.php?rest_route=%2Fwp%2Fv2%2Ftags&post=2957"}],"curies":[{"name":"wp","href":"https:\/\/api.w.org\/{rel}","templated":true}]}}