{"id":2960,"date":"2024-12-15T00:29:35","date_gmt":"2024-12-15T00:29:35","guid":{"rendered":"https:\/\/tamaulipasmiregion.com\/?p=2960"},"modified":"2025-01-07T00:46:12","modified_gmt":"2025-01-07T00:46:12","slug":"fortalecera-la-uat-su-oferta-educativa-para-responder-a-los-retos-de-la-region-fronteriza","status":"publish","type":"post","link":"https:\/\/tamaulipasmiregion.com\/?p=2960","title":{"rendered":"Fortalecer\u00e1 la UAT su oferta educativa para responder a los retos de la regi\u00f3n fronteriza"},"content":{"rendered":"<p> Se prepara para responder a las necesidades del intercambio comercial entre<br \/>\nM\u00e9xico y Estados Unidos y a los proyectos del gobierno federal en esta regi\u00f3n del<br \/>\npa\u00eds.<br \/>\nLa Universidad Aut\u00f3 n\u00f3ma de Tamaulipas (UAT) se prepara desde la perspectiva<br \/>\nacade mica, para resp\u00f3nder a las necesidades que implica el f\u00f3rtalecimient\u00f3 del<br \/>\nintercambi\u00f3 c\u00f3mercial entre Me xic\u00f3 y Estad\u00f3s Unid\u00f3s, principalmente c\u00f3n la nueva<br \/>\nsede de la Agencia Naci\u00f3nal de Aduanas de Me xic\u00f3 (ANAM) en Nuev\u00f3 Lared\u00f3, asegur\u00f3<br \/>\nel rect\u00f3r Da mas\u00f3 Anaya Alvarad\u00f3.<br \/>\nEn entrevista c\u00f3n medi\u00f3s de c\u00f3municaci\u00f3 n en el palaci\u00f3 de San La zar\u00f3, durante su visita<br \/>\na la Ca mara de Diputad\u00f3s, el rect\u00f3r Da mas\u00f3 Anaya, habl\u00f3 de su reuni\u00f3 n c\u00f3n legislad\u00f3res<br \/>\nfederales en busca de ma s recurs\u00f3s que le permitan a la UAT avanzar en nuev\u00f3s<br \/>\npr\u00f3yect\u00f3s para l\u00f3s divers\u00f3s campus universitari\u00f3s.<br \/>\nRefiri\u00f3 que la casa de estudi\u00f3s esta alineand\u00f3 sus pr\u00f3yect\u00f3s a la p\u00f3l\u00ed tica naci\u00f3nal y<br \/>\nac\u00f3rde al desarr\u00f3ll\u00f3 que esta realizand\u00f3 el g\u00f3bernad\u00f3r Ame ric\u00f3 Villarreal en<br \/>\nTamaulipas.<br \/>\nDestac\u00f3 la reciente visita de la presidenta Claudia Sheinbaum a la ciudad de Nuev\u00f3<br \/>\nLared\u00f3, para supervisar el avance de la nueva sede de la Agencia Naci\u00f3nal de Aduanas<br \/>\nde Me xic\u00f3 (ANAM), que marca el inici\u00f3 de un futur\u00f3 pr\u00f3meted\u00f3r para el estad\u00f3.<br \/>\nEn ese sentid\u00f3, indic\u00f3 que la UAT trabaja para f\u00f3rmar pr\u00f3fesi\u00f3nales que puedan<br \/>\nresp\u00f3nder a l\u00f3s ret\u00f3s que implica el crecimient\u00f3 del intercambi\u00f3 de mercanc\u00ed as en esta<br \/>\nfr\u00f3ntera, para l\u00f3 cual recientemente se aut\u00f3riz\u00f3 la creaci\u00f3 n de la Licenciatura en<br \/>\nAdministraci\u00f3 n del Transp\u00f3rte en Nuev\u00f3 Lared\u00f3.<br \/>\nSen al\u00f3 que tambie n se alistan las carreras de C\u00f3merci\u00f3 Exteri\u00f3r, C\u00f3ntad\u00f3r Pu blic\u00f3,<br \/>\nFinanzas, Administraci\u00f3 n, entre \u00f3tras, c\u00f3n la idea de resp\u00f3nder a las necesidades que<br \/>\nse presenten en la fr\u00f3ntera p\u00f3r el fluj\u00f3 de mercanc\u00ed as.<br \/>\nDa mas\u00f3 Anaya c\u00f3ment\u00f3 que la universidad se ha dad\u00f3 a la tarea de f\u00f3rtalecer sus laz\u00f3s<br \/>\nde c\u00f3lab\u00f3raci\u00f3 n c\u00f3n las as\u00f3ciaci\u00f3nes de transp\u00f3rtistas que trabajan en esta z\u00f3na de<br \/>\nTamaulipas, l\u00f3grand\u00f3 que participen activamente en l\u00f3s pr\u00f3yect\u00f3s de crecimient\u00f3 de la<br \/>\nUAT.<br \/>\nDetall\u00f3 que, en el municipi\u00f3 de Reyn\u00f3sa, la universidad vislumbra nuev\u00f3s ret\u00f3s en el<br \/>\ntema de migraci\u00f3 n, p\u00f3r l\u00f3 que, trabajan en c\u00f3ntar c\u00f3n pr\u00f3gramas acade mic\u00f3s<br \/>\npertinentes para participar en la mitigaci\u00f3 n de est\u00f3s fen\u00f3 men\u00f3s s\u00f3ciales.<br \/>\nDij\u00f3 que, c\u00f3n el ap\u00f3y\u00f3 del G\u00f3biern\u00f3 de Tamaulipas, la UAT tambie n participa en l\u00f3s<br \/>\npr\u00f3yect\u00f3s de la empresa petr\u00f3lera W\u00f3\u00f3dside, c\u00f3m\u00f3 es el Puert\u00f3 de Altura de<br \/>\nMatam\u00f3r\u00f3s.<br \/>\nSubray\u00f3 que, c\u00f3n est\u00f3s pr\u00f3yect\u00f3s en puerta, la universidad trabaja en f\u00f3rtalecer la<br \/>\nf\u00f3rmaci\u00f3 n de pr\u00f3fesi\u00f3nistas, que sean capaces de desempen arse de la mej\u00f3r manera en<br \/>\nest\u00f3s escenari\u00f3s de c\u00f3mpetencia lab\u00f3ral.<br \/>\nPuntualiz\u00f3 que desde la academia la UAT se prepara para ser un referente del desarr\u00f3ll\u00f3<br \/>\nde Tamaulipas, c\u00f3ntribuyend\u00f3 tambie n, mediante la generaci\u00f3 n de c\u00f3n\u00f3cimient\u00f3<br \/>\ncient\u00ed fic\u00f3 y tecn\u00f3l\u00f3 gic\u00f3, en el bienestar de las c\u00f3munidades.<\/p>\n","protected":false},"excerpt":{"rendered":"Se prepara para responder a las necesidades del intercambio comercial entre M\u00e9xico y Estados Unidos y a los proyectos del gobierno federal en esta regi\u00f3n del pa\u00eds. La Universidad Aut\u00f3 n\u00f3ma de Tamaulipas (UAT) se prepara desde la perspectiva acade mica, para resp\u00f3nder a las necesidades que implica el f\u00f3rtalecimient\u00f3 del intercambi\u00f3 c\u00f3mercial entre Me","protected":false},"author":1,"featured_media":2961,"comment_status":"open","ping_status":"open","sticky":false,"template":"","format":"standard","meta":{"_monsterinsights_skip_tracking":false,"_monsterinsights_sitenote_active":false,"_monsterinsights_sitenote_note":"","_monsterinsights_sitenote_category":0,"footnotes":""},"categories":[3],"tags":[],"class_list":["post-2960","post","type-post","status-publish","format-standard","has-post-thumbnail","hentry","category-noticias"],"aioseo_notices":[],"amp_enabled":true,"_links":{"self":[{"href":"https:\/\/tamaulipasmiregion.com\/index.php?rest_route=\/wp\/v2\/posts\/2960","targetHints":{"allow":["GET"]}}],"collection":[{"href":"https:\/\/tamaulipasmiregion.com\/index.php?rest_route=\/wp\/v2\/posts"}],"about":[{"href":"https:\/\/tamaulipasmiregion.com\/index.php?rest_route=\/wp\/v2\/types\/post"}],"author":[{"embeddable":true,"href":"https:\/\/tamaulipasmiregion.com\/index.php?rest_route=\/wp\/v2\/users\/1"}],"replies":[{"embeddable":true,"href":"https:\/\/tamaulipasmiregion.com\/index.php?rest_route=%2Fwp%2Fv2%2Fcomments&post=2960"}],"version-history":[{"count":1,"href":"https:\/\/tamaulipasmiregion.com\/index.php?rest_route=\/wp\/v2\/posts\/2960\/revisions"}],"predecessor-version":[{"id":2962,"href":"https:\/\/tamaulipasmiregion.com\/index.php?rest_route=\/wp\/v2\/posts\/2960\/revisions\/2962"}],"wp:featuredmedia":[{"embeddable":true,"href":"https:\/\/tamaulipasmiregion.com\/index.php?rest_route=\/wp\/v2\/media\/2961"}],"wp:attachment":[{"href":"https:\/\/tamaulipasmiregion.com\/index.php?rest_route=%2Fwp%2Fv2%2Fmedia&parent=2960"}],"wp:term":[{"taxonomy":"category","embeddable":true,"href":"https:\/\/tamaulipasmiregion.com\/index.php?rest_route=%2Fwp%2Fv2%2Fcategories&post=2960"},{"taxonomy":"post_tag","embeddable":true,"href":"https:\/\/tamaulipasmiregion.com\/index.php?rest_route=%2Fwp%2Fv2%2Ftags&post=2960"}],"curies":[{"name":"wp","href":"https:\/\/api.w.org\/{rel}","templated":true}]}}