{"id":2966,"date":"2024-12-17T00:54:21","date_gmt":"2024-12-17T00:54:21","guid":{"rendered":"https:\/\/tamaulipasmiregion.com\/?p=2966"},"modified":"2025-01-07T00:55:04","modified_gmt":"2025-01-07T00:55:04","slug":"implementa-la-uat-nuevas-estrategias-para-la-formacion-integral-y-humanista","status":"publish","type":"post","link":"https:\/\/tamaulipasmiregion.com\/?p=2966","title":{"rendered":"Implementa la UAT nuevas estrategias para la formaci\u00f3n integral y humanista"},"content":{"rendered":"<p>Al poner en marcha el cuarto m\u00f3dulo del diplomado Estrategias para el Desarrollo de<br \/>\nHabilidades Blandas en la Formaci\u00f3n Universitaria, el rector de la Universidad Aut\u00f3noma de<br \/>\nTamaulipas (UAT), D\u00e1maso Anaya Alvarado, subray\u00f3 la importancia de capacitar al personal<br \/>\ndocente en el manejo de herramientas que son esenciales para formar al estudiantado en<br \/>\nel contexto de una educaci\u00f3n integral y humanista.<br \/>\nEn la apertura del programa, que se imparte en l\u00ednea al personal acad\u00e9mico de las<br \/>\ndiferentes dependencias de la UAT, D\u00e1maso Anaya puso de relieve el objetivo de dotar a la<br \/>\nplanta docente de nuevas herramientas que permitan fortalecer las capacidades<br \/>\npedag\u00f3gicas y contribuir a la formaci\u00f3n de estudiantes cr\u00edticos y preparados para los<br \/>\ndesaf\u00edos globales.<br \/>\nDurante la sesi\u00f3n del m\u00f3dulo sobre inteligencia contextual, el rector agradeci\u00f3 la<br \/>\nparticipaci\u00f3n del profesorado y subray\u00f3 la importancia de abordar estos temas como una<br \/>\nherramienta indispensable en la comprensi\u00f3n y adaptaci\u00f3n a los cambios sociales,<br \/>\ntecnol\u00f3gicos y culturales.<br \/>\nPor su parte, la secretaria acad\u00e9mica de la UAT, Rosa Issel Acosta Gonz\u00e1lez, expuso la<br \/>\nrelevancia de este diplomado que comprende una serie de m\u00f3dulos dise\u00f1ados por la<br \/>\ninstituci\u00f3n para capacitar en l\u00ednea a sus docentes.<br \/>\nEl m\u00f3dulo 1 abord\u00f3 temas como conciencia social, comunicaci\u00f3n socioemocional y<br \/>\neducaci\u00f3n para el desarrollo sostenible; el segundo m\u00f3dulo, pensamiento estrat\u00e9gico; y el<br \/>\nm\u00f3dulo 3 se centr\u00f3 en conciencia social, diversidad, inclusi\u00f3n y temas de cultura de paz y<br \/>\nderechos humanos.<br \/>\nLas sesiones del m\u00f3dulo 4 del diplomado comprenden, entre otros temas, las unidades de<br \/>\nense\u00f1anza-aprendizaje; los tipos de pensamientos y el pensamiento anal\u00edtico; el<br \/>\npensamiento cr\u00edtico y divergente; el pensamiento creativo y estrat\u00e9gico; as\u00ed como los<br \/>\ndistintos tipos de inteligencia y sus facultades asociadas.<br \/>\nEl programa incluye, adem\u00e1s, el objetivo de explorar la inteligencia, conciencia y<br \/>\nneurociencia, hasta llegar a la inteligencia contextual y su relaci\u00f3n con los cambios sociales<br \/>\nque afectan tanto a la educaci\u00f3n como a la sociedad.<\/p>\n","protected":false},"excerpt":{"rendered":"Al poner en marcha el cuarto m\u00f3dulo del diplomado Estrategias para el Desarrollo de Habilidades Blandas en la Formaci\u00f3n Universitaria, el rector de la Universidad Aut\u00f3noma de Tamaulipas (UAT), D\u00e1maso Anaya Alvarado, subray\u00f3 la importancia de capacitar al personal docente en el manejo de herramientas que son esenciales para formar al estudiantado en el contexto","protected":false},"author":1,"featured_media":2967,"comment_status":"open","ping_status":"open","sticky":false,"template":"","format":"standard","meta":{"_monsterinsights_skip_tracking":false,"_monsterinsights_sitenote_active":false,"_monsterinsights_sitenote_note":"","_monsterinsights_sitenote_category":0,"footnotes":""},"categories":[3],"tags":[],"class_list":["post-2966","post","type-post","status-publish","format-standard","has-post-thumbnail","hentry","category-noticias"],"aioseo_notices":[],"amp_enabled":true,"_links":{"self":[{"href":"https:\/\/tamaulipasmiregion.com\/index.php?rest_route=\/wp\/v2\/posts\/2966","targetHints":{"allow":["GET"]}}],"collection":[{"href":"https:\/\/tamaulipasmiregion.com\/index.php?rest_route=\/wp\/v2\/posts"}],"about":[{"href":"https:\/\/tamaulipasmiregion.com\/index.php?rest_route=\/wp\/v2\/types\/post"}],"author":[{"embeddable":true,"href":"https:\/\/tamaulipasmiregion.com\/index.php?rest_route=\/wp\/v2\/users\/1"}],"replies":[{"embeddable":true,"href":"https:\/\/tamaulipasmiregion.com\/index.php?rest_route=%2Fwp%2Fv2%2Fcomments&post=2966"}],"version-history":[{"count":1,"href":"https:\/\/tamaulipasmiregion.com\/index.php?rest_route=\/wp\/v2\/posts\/2966\/revisions"}],"predecessor-version":[{"id":2968,"href":"https:\/\/tamaulipasmiregion.com\/index.php?rest_route=\/wp\/v2\/posts\/2966\/revisions\/2968"}],"wp:featuredmedia":[{"embeddable":true,"href":"https:\/\/tamaulipasmiregion.com\/index.php?rest_route=\/wp\/v2\/media\/2967"}],"wp:attachment":[{"href":"https:\/\/tamaulipasmiregion.com\/index.php?rest_route=%2Fwp%2Fv2%2Fmedia&parent=2966"}],"wp:term":[{"taxonomy":"category","embeddable":true,"href":"https:\/\/tamaulipasmiregion.com\/index.php?rest_route=%2Fwp%2Fv2%2Fcategories&post=2966"},{"taxonomy":"post_tag","embeddable":true,"href":"https:\/\/tamaulipasmiregion.com\/index.php?rest_route=%2Fwp%2Fv2%2Ftags&post=2966"}],"curies":[{"name":"wp","href":"https:\/\/api.w.org\/{rel}","templated":true}]}}