{"id":2969,"date":"2024-12-18T00:56:46","date_gmt":"2024-12-18T00:56:46","guid":{"rendered":"https:\/\/tamaulipasmiregion.com\/?p=2969"},"modified":"2025-01-07T00:58:24","modified_gmt":"2025-01-07T00:58:24","slug":"damaso-anaya-preside-graduacion-de-egresados-de-ingenieria-de-la-uat-en-tampico","status":"publish","type":"post","link":"https:\/\/tamaulipasmiregion.com\/?p=2969","title":{"rendered":"D\u00e1maso Anaya preside graduaci\u00f3n de egresados de ingenier\u00eda de la UAT en Tampico"},"content":{"rendered":"<p>La Universidad Aut\u00f3 n\u00f3ma de Tamaulipas (UAT) celebr\u00f3 la cerem\u00f3nia de graduaci\u00f3 n de<br \/>\n137 estudiantes de la Facultad de Ingenier\u00ed a Tampic\u00f3 (FIT), que fue presidida p\u00f3r el<br \/>\nrect\u00f3r, Da mas\u00f3 Anaya Alvarad\u00f3, quien tambie n fungi\u00f3 c\u00f3m\u00f3 padrin\u00f3 de esta generaci\u00f3 n<br \/>\n2024.<br \/>\nLa cerem\u00f3nia, realizada en el Gimnasi\u00f3 Ol\u00ed mpic\u00f3 del Centr\u00f3 Universitari\u00f3 Sur, c\u00f3nt\u00f3 c\u00f3n<br \/>\nla presencia de aut\u00f3ridades universitarias, d\u00f3centes, familiares y amig\u00f3s de l\u00f3s<br \/>\ngraduad\u00f3s.<br \/>\nDurante su intervenci\u00f3 n, el rect\u00f3r de la UAT rec\u00f3n\u00f3ci\u00f3 la dedicaci\u00f3 n y esfuerz\u00f3 de l\u00f3s<br \/>\nnuev\u00f3s egresad\u00f3s en su f\u00f3rmaci\u00f3 n pr\u00f3fesi\u00f3nal.<br \/>\nSubray\u00f3 que est\u00f3s nuev\u00f3s ingenier\u00f3s esta n preparad\u00f3s para enfrentar l\u00f3s ret\u00f3s de su<br \/>\nent\u00f3rn\u00f3 y ap\u00f3rtar s\u00f3luci\u00f3nes inn\u00f3vad\u00f3ras que beneficien a sus c\u00f3munidades.<br \/>\nRec\u00f3n\u00f3ci\u00f3 tambie n el esfuerz\u00f3 c\u00f3lectiv\u00f3 de la facultad que ha l\u00f3grad\u00f3 la certificaci\u00f3 n de<br \/>\nla t\u00f3talidad de sus pr\u00f3gramas acade mic\u00f3s, reflejand\u00f3 su c\u00f3mpr\u00f3mis\u00f3 c\u00f3n la calidad<br \/>\neducativa y el desarr\u00f3ll\u00f3 pr\u00f3fesi\u00f3nal de sus estudiantes.<br \/>\nDa mas\u00f3 Anaya expres\u00f3 su gratitud a l\u00f3s graduad\u00f3s p\u00f3r elegirl\u00f3 su padrin\u00f3, y destac\u00f3<br \/>\nque la UAT esta \u00f3rgull\u00f3sa de sus l\u00f3gr\u00f3s y de brindarles una educaci\u00f3 n te cnica y<br \/>\nhumanista que n\u00f3 s\u00f3l\u00f3 d\u00f3ta de c\u00f3n\u00f3cimient\u00f3s a sus estudiantes, sin\u00f3 que tambie n<br \/>\nf\u00f3rtalece su c\u00f3mpr\u00f3mis\u00f3 s\u00f3cial.<br \/>\nAc\u00f3mpan ad\u00f3 p\u00f3r el direct\u00f3r de la Facultad de Ingenier\u00ed a Tampic\u00f3, R\u00f3bert\u00f3 Pichard\u00f3<br \/>\nRam\u00ed rez, y c\u00f3\u00f3rdinad\u00f3res de carrera, el rect\u00f3r entreg\u00f3 las cartas de pasante a l\u00f3s<br \/>\negresad\u00f3s de Ingenier\u00ed a Civil, Ingenier\u00ed a Industrial y de Sistemas, Ingenier\u00ed a en<br \/>\nSistemas C\u00f3mputaci\u00f3nales, e Ingenier\u00ed a Ge\u00f3ma tica.<br \/>\nLa cerem\u00f3nia incluy\u00f3 l\u00f3s mensajes del direct\u00f3r R\u00f3bert\u00f3 Pichard\u00f3 y del c\u00f3\u00f3rdinad\u00f3r del<br \/>\nCentr\u00f3 de Atenci\u00f3 n y Servici\u00f3s a Alumn\u00f3s (CASA), J\u00f3se Luis Mart\u00ed nez Navarr\u00f3, quienes<br \/>\nfelicitar\u00f3n a l\u00f3s graduad\u00f3s y destacar\u00f3n el c\u00f3mpr\u00f3mis\u00f3 universitari\u00f3 de f\u00f3rmar<br \/>\npr\u00f3fesi\u00f3nistas que puedan resp\u00f3nder a las necesidades de la s\u00f3ciedad y c\u00f3ntribuir al<br \/>\ndesarr\u00f3ll\u00f3 de la regi\u00f3 n.<br \/>\nP\u00f3r su parte, la alumna Mar\u00ed a Bele n Mart\u00ed nez Zapata, representante de la generaci\u00f3 n,<br \/>\ndirigi\u00f3 un em\u00f3tiv\u00f3 mensaje en el que subray\u00f3 la imp\u00f3rtancia de llevar c\u00f3nsig\u00f3 l\u00f3s<br \/>\nval\u00f3res y ensen anzas adquirid\u00f3s durante su pas\u00f3 p\u00f3r la UAT.<\/p>\n","protected":false},"excerpt":{"rendered":"La Universidad Aut\u00f3 n\u00f3ma de Tamaulipas (UAT) celebr\u00f3 la cerem\u00f3nia de graduaci\u00f3 n de 137 estudiantes de la Facultad de Ingenier\u00ed a Tampic\u00f3 (FIT), que fue presidida p\u00f3r el rect\u00f3r, Da mas\u00f3 Anaya Alvarad\u00f3, quien tambie n fungi\u00f3 c\u00f3m\u00f3 padrin\u00f3 de esta generaci\u00f3 n 2024. La cerem\u00f3nia, realizada en el Gimnasi\u00f3 Ol\u00ed mpic\u00f3 del Centr\u00f3","protected":false},"author":1,"featured_media":2970,"comment_status":"open","ping_status":"open","sticky":false,"template":"","format":"standard","meta":{"_monsterinsights_skip_tracking":false,"_monsterinsights_sitenote_active":false,"_monsterinsights_sitenote_note":"","_monsterinsights_sitenote_category":0,"footnotes":""},"categories":[3],"tags":[],"class_list":["post-2969","post","type-post","status-publish","format-standard","has-post-thumbnail","hentry","category-noticias"],"aioseo_notices":[],"amp_enabled":true,"_links":{"self":[{"href":"https:\/\/tamaulipasmiregion.com\/index.php?rest_route=\/wp\/v2\/posts\/2969","targetHints":{"allow":["GET"]}}],"collection":[{"href":"https:\/\/tamaulipasmiregion.com\/index.php?rest_route=\/wp\/v2\/posts"}],"about":[{"href":"https:\/\/tamaulipasmiregion.com\/index.php?rest_route=\/wp\/v2\/types\/post"}],"author":[{"embeddable":true,"href":"https:\/\/tamaulipasmiregion.com\/index.php?rest_route=\/wp\/v2\/users\/1"}],"replies":[{"embeddable":true,"href":"https:\/\/tamaulipasmiregion.com\/index.php?rest_route=%2Fwp%2Fv2%2Fcomments&post=2969"}],"version-history":[{"count":2,"href":"https:\/\/tamaulipasmiregion.com\/index.php?rest_route=\/wp\/v2\/posts\/2969\/revisions"}],"predecessor-version":[{"id":2972,"href":"https:\/\/tamaulipasmiregion.com\/index.php?rest_route=\/wp\/v2\/posts\/2969\/revisions\/2972"}],"wp:featuredmedia":[{"embeddable":true,"href":"https:\/\/tamaulipasmiregion.com\/index.php?rest_route=\/wp\/v2\/media\/2970"}],"wp:attachment":[{"href":"https:\/\/tamaulipasmiregion.com\/index.php?rest_route=%2Fwp%2Fv2%2Fmedia&parent=2969"}],"wp:term":[{"taxonomy":"category","embeddable":true,"href":"https:\/\/tamaulipasmiregion.com\/index.php?rest_route=%2Fwp%2Fv2%2Fcategories&post=2969"},{"taxonomy":"post_tag","embeddable":true,"href":"https:\/\/tamaulipasmiregion.com\/index.php?rest_route=%2Fwp%2Fv2%2Ftags&post=2969"}],"curies":[{"name":"wp","href":"https:\/\/api.w.org\/{rel}","templated":true}]}}