{"id":2979,"date":"2024-12-21T01:08:50","date_gmt":"2024-12-21T01:08:50","guid":{"rendered":"https:\/\/tamaulipasmiregion.com\/?p=2979"},"modified":"2025-01-07T01:10:21","modified_gmt":"2025-01-07T01:10:21","slug":"preside-el-rector-festejos-navidenos-del-sutuat","status":"publish","type":"post","link":"https:\/\/tamaulipasmiregion.com\/?p=2979","title":{"rendered":"Preside el rector festejos navide\u00f1os del SUTUAT"},"content":{"rendered":"<p>La Universidad Aut\u00f3 n\u00f3ma de Tamaulipas (UAT) c\u00f3ncluy\u00f3 c\u00f3n l\u00f3s festej\u00f3s \u00f3frecid\u00f3s p\u00f3r<br \/>\nla temp\u00f3rada decembrina al pers\u00f3nal sindicalizad\u00f3 de las diferentes dependencias<br \/>\nacade micas y administrativas de la ma xima casa de estudi\u00f3s del estad\u00f3.<br \/>\nEn l\u00f3s event\u00f3s que presidi\u00f3 el rect\u00f3r Da mas\u00f3 Anaya Alvarad\u00f3 ac\u00f3mpan ad\u00f3 de su esp\u00f3sa,<br \/>\nIs\u00f3lda Rend\u00f3 n de Anaya, presidenta de Familia UAT, se \u00f3freci\u00f3 un espaci\u00f3 de c\u00f3nvivencia<br \/>\npara las trabajad\u00f3ras y trabajad\u00f3res universitari\u00f3s, as\u00ed c\u00f3m\u00f3 para sus pequen \u00f3s hij\u00f3s<br \/>\nque disfrutar\u00f3n de un em\u00f3tiv\u00f3 festival infantil, g\u00f3l\u00f3sinas y regal\u00f3s.<br \/>\nEn su mensaje, Da mas\u00f3 Anaya expres\u00f3 a l\u00f3s trabajad\u00f3res sindicalizad\u00f3s sus mej\u00f3res<br \/>\ndese\u00f3s de uni\u00f3 n, paz y arm\u00f3n\u00ed a en sus familias en esta temp\u00f3rada de Navidad y fin de<br \/>\nan \u00f3, adema s de rec\u00f3n\u00f3cer la imp\u00f3rtante funci\u00f3 n que desempen an para que la UAT siga<br \/>\navanzand\u00f3 en su misi\u00f3 n educativa.<br \/>\nAsimism\u00f3, reiter\u00f3 su respald\u00f3 al Sindicat\u00f3 U nic\u00f3 de Trabajad\u00f3res de la UAT p\u00f3r su<br \/>\nc\u00f3mpr\u00f3mis\u00f3 c\u00f3n la casa de estudi\u00f3s y c\u00f3lab\u00f3rar c\u00f3n la administraci\u00f3 n rect\u00f3ral para<br \/>\nhacer p\u00f3sible el l\u00f3gr\u00f3 de imp\u00f3rtantes metas en benefici\u00f3 del pers\u00f3nal sindicalizad\u00f3.<br \/>\nCabe sen alar que l\u00f3s festej\u00f3s naviden \u00f3s se \u00f3frecier\u00f3n a l\u00f3s trabajad\u00f3res de l\u00f3s<br \/>\ndiferentes campus de la Universidad en las z\u00f3nas n\u00f3rte, centr\u00f3 y sur del estad\u00f3,<br \/>\nreafirmand\u00f3 l\u00f3s laz\u00f3s de amistad entre la administraci\u00f3 n rect\u00f3ral y el sindicat\u00f3.<br \/>\nEn este marc\u00f3, el secretari\u00f3 general estatal del SUTUAT, J\u00f3se Luis Castan \u00f3 n Ram\u00f3s,<br \/>\nagradeci\u00f3 al rect\u00f3r p\u00f3r su ap\u00f3y\u00f3 a l\u00f3s trabajad\u00f3res y p\u00f3r brindar est\u00f3s espaci\u00f3s de<br \/>\nc\u00f3nvivencia que representan una \u00f3p\u00f3rtunidad para reflexi\u00f3nar s\u00f3bre la imp\u00f3rtancia de<br \/>\nl\u00f3s val\u00f3res human\u00f3s y el ent\u00f3rn\u00f3 familiar, adema s de p\u00f3ner en perspectiva el esfuerz\u00f3<br \/>\nrealizad\u00f3 a l\u00f3 larg\u00f3 del a\u00f1o.<\/p>\n","protected":false},"excerpt":{"rendered":"La Universidad Aut\u00f3 n\u00f3ma de Tamaulipas (UAT) c\u00f3ncluy\u00f3 c\u00f3n l\u00f3s festej\u00f3s \u00f3frecid\u00f3s p\u00f3r la temp\u00f3rada decembrina al pers\u00f3nal sindicalizad\u00f3 de las diferentes dependencias acade micas y administrativas de la ma xima casa de estudi\u00f3s del estad\u00f3. En l\u00f3s event\u00f3s que presidi\u00f3 el rect\u00f3r Da mas\u00f3 Anaya Alvarad\u00f3 ac\u00f3mpan ad\u00f3 de su esp\u00f3sa, Is\u00f3lda Rend\u00f3 n","protected":false},"author":1,"featured_media":2980,"comment_status":"open","ping_status":"open","sticky":false,"template":"","format":"standard","meta":{"_monsterinsights_skip_tracking":false,"_monsterinsights_sitenote_active":false,"_monsterinsights_sitenote_note":"","_monsterinsights_sitenote_category":0,"footnotes":""},"categories":[3],"tags":[],"class_list":["post-2979","post","type-post","status-publish","format-standard","has-post-thumbnail","hentry","category-noticias"],"aioseo_notices":[],"amp_enabled":true,"_links":{"self":[{"href":"https:\/\/tamaulipasmiregion.com\/index.php?rest_route=\/wp\/v2\/posts\/2979","targetHints":{"allow":["GET"]}}],"collection":[{"href":"https:\/\/tamaulipasmiregion.com\/index.php?rest_route=\/wp\/v2\/posts"}],"about":[{"href":"https:\/\/tamaulipasmiregion.com\/index.php?rest_route=\/wp\/v2\/types\/post"}],"author":[{"embeddable":true,"href":"https:\/\/tamaulipasmiregion.com\/index.php?rest_route=\/wp\/v2\/users\/1"}],"replies":[{"embeddable":true,"href":"https:\/\/tamaulipasmiregion.com\/index.php?rest_route=%2Fwp%2Fv2%2Fcomments&post=2979"}],"version-history":[{"count":1,"href":"https:\/\/tamaulipasmiregion.com\/index.php?rest_route=\/wp\/v2\/posts\/2979\/revisions"}],"predecessor-version":[{"id":2981,"href":"https:\/\/tamaulipasmiregion.com\/index.php?rest_route=\/wp\/v2\/posts\/2979\/revisions\/2981"}],"wp:featuredmedia":[{"embeddable":true,"href":"https:\/\/tamaulipasmiregion.com\/index.php?rest_route=\/wp\/v2\/media\/2980"}],"wp:attachment":[{"href":"https:\/\/tamaulipasmiregion.com\/index.php?rest_route=%2Fwp%2Fv2%2Fmedia&parent=2979"}],"wp:term":[{"taxonomy":"category","embeddable":true,"href":"https:\/\/tamaulipasmiregion.com\/index.php?rest_route=%2Fwp%2Fv2%2Fcategories&post=2979"},{"taxonomy":"post_tag","embeddable":true,"href":"https:\/\/tamaulipasmiregion.com\/index.php?rest_route=%2Fwp%2Fv2%2Ftags&post=2979"}],"curies":[{"name":"wp","href":"https:\/\/api.w.org\/{rel}","templated":true}]}}