{"id":2989,"date":"2024-12-24T01:25:34","date_gmt":"2024-12-24T01:25:34","guid":{"rendered":"https:\/\/tamaulipasmiregion.com\/?p=2989"},"modified":"2025-01-07T01:26:24","modified_gmt":"2025-01-07T01:26:24","slug":"la-uat-fortalece-la-vocacion-de-los-jovenes-con-el-taller-cumpliendo-mi-sueno","status":"publish","type":"post","link":"https:\/\/tamaulipasmiregion.com\/?p=2989","title":{"rendered":"La UAT fortalece la vocaci\u00f3n de los j\u00f3venes con el taller Cumpliendo mi Sue\u00f1o"},"content":{"rendered":"<p>La Universidad Aut\u00f3noma de Tamaulipas (UAT) llev\u00f3 a cabo el taller Cumpliendo mi Sue\u00f1o,<br \/>\nuna iniciativa dise\u00f1ada para ofrecer a la juventud de educaci\u00f3n media superior una<br \/>\norientaci\u00f3n vocacional integral.<br \/>\nEste programa, organizado a trav\u00e9s de la Secretar\u00eda de Gesti\u00f3n Escolar, se puso en marcha<br \/>\nen el CBTIS 24 de Ciudad Victoria, y se pretende extender a preparatorias y escuelas de<br \/>\nbachillerato de todo el estado, para beneficiar a futuros aspirantes con una visi\u00f3n clara de<br \/>\nsu desarrollo profesional y personal.<br \/>\nEl prop\u00f3sito es ofrecer herramientas para que los j\u00f3venes tomen decisiones m\u00e1s informadas<br \/>\ny seguras respecto a su futuro profesional, adem\u00e1s de guiarlos y mostrarles que en la UAT<br \/>\ntienen la oportunidad de cumplir sus sue\u00f1os.<br \/>\nEl taller se desarrolla de manera din\u00e1mica y participativa, permitiendo que los estudiantes<br \/>\nreflexionen sobre sus intereses y habilidades, adem\u00e1s de que conozcan la inclusi\u00f3n<br \/>\nmediante todos los programas que ofrece la UAT.<br \/>\nAl finalizar, los participantes plasman en papel su visi\u00f3n de ellos mismos como<br \/>\nprofesionistas, destacando c\u00f3mo sus acciones podr\u00edan beneficiar a su comunidad.<br \/>\nEl taller es impartido por la maestra Libertad Orta, quien, mediante una din\u00e1mica l\u00fadica y<br \/>\nhumanista, ayuda a los estudiantes a reflexionar sobre su prop\u00f3sito de vida. Inspirado en<br \/>\nlos principios del neur\u00f3logo, psiquiatra y fil\u00f3sofo Viktor Frankl, el programa motiva a los<br \/>\nj\u00f3venes a visualizar su futuro como profesionistas y agentes de cambio en su comunidad.<br \/>\nLa UAT complementa esta iniciativa con ferias universitarias y visitas a instituciones<br \/>\neducativas, donde se presenta la oferta acad\u00e9mica y se establecen v\u00ednculos con los futuros<br \/>\naspirantes.<br \/>\nEstas acciones forman parte de una estrategia integral para asegurar que los j\u00f3venes<br \/>\ntamaulipecos tengan una transici\u00f3n m\u00e1s clara y motivada hacia la educaci\u00f3n superior. El<br \/>\nobjetivo final es que los estudiantes encuentren la opci\u00f3n ideal de carrera que mejor se<br \/>\nadapte a sus intereses y habilidades, garantizando que su experiencia universitaria sea<br \/>\nsatisfactoria y exitosa.<\/p>\n","protected":false},"excerpt":{"rendered":"La Universidad Aut\u00f3noma de Tamaulipas (UAT) llev\u00f3 a cabo el taller Cumpliendo mi Sue\u00f1o, una iniciativa dise\u00f1ada para ofrecer a la juventud de educaci\u00f3n media superior una orientaci\u00f3n vocacional integral. Este programa, organizado a trav\u00e9s de la Secretar\u00eda de Gesti\u00f3n Escolar, se puso en marcha en el CBTIS 24 de Ciudad Victoria, y se pretende","protected":false},"author":1,"featured_media":2990,"comment_status":"open","ping_status":"open","sticky":false,"template":"","format":"standard","meta":{"_monsterinsights_skip_tracking":false,"_monsterinsights_sitenote_active":false,"_monsterinsights_sitenote_note":"","_monsterinsights_sitenote_category":0,"footnotes":""},"categories":[3],"tags":[],"class_list":["post-2989","post","type-post","status-publish","format-standard","has-post-thumbnail","hentry","category-noticias"],"aioseo_notices":[],"amp_enabled":true,"_links":{"self":[{"href":"https:\/\/tamaulipasmiregion.com\/index.php?rest_route=\/wp\/v2\/posts\/2989","targetHints":{"allow":["GET"]}}],"collection":[{"href":"https:\/\/tamaulipasmiregion.com\/index.php?rest_route=\/wp\/v2\/posts"}],"about":[{"href":"https:\/\/tamaulipasmiregion.com\/index.php?rest_route=\/wp\/v2\/types\/post"}],"author":[{"embeddable":true,"href":"https:\/\/tamaulipasmiregion.com\/index.php?rest_route=\/wp\/v2\/users\/1"}],"replies":[{"embeddable":true,"href":"https:\/\/tamaulipasmiregion.com\/index.php?rest_route=%2Fwp%2Fv2%2Fcomments&post=2989"}],"version-history":[{"count":1,"href":"https:\/\/tamaulipasmiregion.com\/index.php?rest_route=\/wp\/v2\/posts\/2989\/revisions"}],"predecessor-version":[{"id":2991,"href":"https:\/\/tamaulipasmiregion.com\/index.php?rest_route=\/wp\/v2\/posts\/2989\/revisions\/2991"}],"wp:featuredmedia":[{"embeddable":true,"href":"https:\/\/tamaulipasmiregion.com\/index.php?rest_route=\/wp\/v2\/media\/2990"}],"wp:attachment":[{"href":"https:\/\/tamaulipasmiregion.com\/index.php?rest_route=%2Fwp%2Fv2%2Fmedia&parent=2989"}],"wp:term":[{"taxonomy":"category","embeddable":true,"href":"https:\/\/tamaulipasmiregion.com\/index.php?rest_route=%2Fwp%2Fv2%2Fcategories&post=2989"},{"taxonomy":"post_tag","embeddable":true,"href":"https:\/\/tamaulipasmiregion.com\/index.php?rest_route=%2Fwp%2Fv2%2Ftags&post=2989"}],"curies":[{"name":"wp","href":"https:\/\/api.w.org\/{rel}","templated":true}]}}