{"id":2992,"date":"2024-12-26T01:28:37","date_gmt":"2024-12-26T01:28:37","guid":{"rendered":"https:\/\/tamaulipasmiregion.com\/?p=2992"},"modified":"2025-01-07T01:37:14","modified_gmt":"2025-01-07T01:37:14","slug":"imparte-la-uat-el-taller-de-economia-social-para-ninas-y-ninos","status":"publish","type":"post","link":"https:\/\/tamaulipasmiregion.com\/?p=2992","title":{"rendered":"Imparte la UAT el Taller de Econom\u00eda Social para Ni\u00f1as y Ni\u00f1os"},"content":{"rendered":"<p>Con el prop\u00f3sito de ense\u00f1ar principios de cooperaci\u00f3n y sostenibilidad en el \u00e1mbito<br \/>\necon\u00f3mico desde una edad temprana, la Universidad Aut\u00f3noma de Tamaulipas (UAT) llev\u00f3<br \/>\na cabo el Taller de Econom\u00eda Social para Ni\u00f1as y Ni\u00f1os, impartido por estudiantes<br \/>\nuniversitarios.<br \/>\nEste taller, organizado por la Facultad de Comercio y Administraci\u00f3n Victoria (FCAV) a<br \/>\ntrav\u00e9s del Laboratorio de Estudios Regionales y la coordinaci\u00f3n de la carrera de Econom\u00eda y<br \/>\nDesarrollo Sustentable, forma parte de un programa enfocado en la cooperaci\u00f3n y las<br \/>\nsoluciones comunitarias.<br \/>\nLa actividad fue dirigida a hijos de trabajadores y docentes de la Facultad en edades entre<br \/>\nsiete y diez a\u00f1os, y se imparti\u00f3 en tres sesiones programadas durante los meses de septiembre,<br \/>\noctubre y noviembre, coincidiendo con los viernes de Consejo T\u00e9cnico del sector educativo,<br \/>\ncuando los ni\u00f1os no tienen clases.<br \/>\nAl respecto, el Mtro. Luis Alberto Mendoza Rivas, coordinador de la carrera de Econom\u00eda y<br \/>\nDesarrollo Sustentable, explic\u00f3 que en esta edici\u00f3n participaron diecisiete estudiantes de la<br \/>\nFCAV , de varios semestres, quienes se encargaron de desarrollar e implementar juegos y<br \/>\ndin\u00e1micas mediante las cuales los peque\u00f1ines participantes pueden comprender conceptos<br \/>\nb\u00e1sicos de econom\u00eda, finanzas personales y sustentabilidad.<br \/>\nPor su parte, el Dr. Francisco Garc\u00eda Fern\u00e1ndez, responsable del Laboratorio de Estudios<br \/>\nRegionales, mencion\u00f3 la importancia de este tipo de iniciativas en la formaci\u00f3n pr\u00e1ctica de<br \/>\nlos estudiantes, al vincularse en proyectos de investigaci\u00f3n con colaboraci\u00f3n internacional,<br \/>\nenfocados en el desarrollo de formas cooperativas y productivas.<br \/>\nEsta edici\u00f3n del taller cont\u00f3 con la participaci\u00f3n de veinte ni\u00f1os y se espera que en el futuro<br \/>\npueda expandirse a otros sectores educativos esta actividad que es parte del esfuerzo<br \/>\ninstitucional de la UAT por impulsar proyectos de incidencia social y educativa.<\/p>\n","protected":false},"excerpt":{"rendered":"Con el prop\u00f3sito de ense\u00f1ar principios de cooperaci\u00f3n y sostenibilidad en el \u00e1mbito econ\u00f3mico desde una edad temprana, la Universidad Aut\u00f3noma de Tamaulipas (UAT) llev\u00f3 a cabo el Taller de Econom\u00eda Social para Ni\u00f1as y Ni\u00f1os, impartido por estudiantes universitarios. Este taller, organizado por la Facultad de Comercio y Administraci\u00f3n Victoria (FCAV) a trav\u00e9s del","protected":false},"author":1,"featured_media":2993,"comment_status":"open","ping_status":"open","sticky":false,"template":"","format":"standard","meta":{"_monsterinsights_skip_tracking":false,"_monsterinsights_sitenote_active":false,"_monsterinsights_sitenote_note":"","_monsterinsights_sitenote_category":0,"footnotes":""},"categories":[3],"tags":[],"class_list":["post-2992","post","type-post","status-publish","format-standard","has-post-thumbnail","hentry","category-noticias"],"aioseo_notices":[],"amp_enabled":true,"_links":{"self":[{"href":"https:\/\/tamaulipasmiregion.com\/index.php?rest_route=\/wp\/v2\/posts\/2992","targetHints":{"allow":["GET"]}}],"collection":[{"href":"https:\/\/tamaulipasmiregion.com\/index.php?rest_route=\/wp\/v2\/posts"}],"about":[{"href":"https:\/\/tamaulipasmiregion.com\/index.php?rest_route=\/wp\/v2\/types\/post"}],"author":[{"embeddable":true,"href":"https:\/\/tamaulipasmiregion.com\/index.php?rest_route=\/wp\/v2\/users\/1"}],"replies":[{"embeddable":true,"href":"https:\/\/tamaulipasmiregion.com\/index.php?rest_route=%2Fwp%2Fv2%2Fcomments&post=2992"}],"version-history":[{"count":1,"href":"https:\/\/tamaulipasmiregion.com\/index.php?rest_route=\/wp\/v2\/posts\/2992\/revisions"}],"predecessor-version":[{"id":2994,"href":"https:\/\/tamaulipasmiregion.com\/index.php?rest_route=\/wp\/v2\/posts\/2992\/revisions\/2994"}],"wp:featuredmedia":[{"embeddable":true,"href":"https:\/\/tamaulipasmiregion.com\/index.php?rest_route=\/wp\/v2\/media\/2993"}],"wp:attachment":[{"href":"https:\/\/tamaulipasmiregion.com\/index.php?rest_route=%2Fwp%2Fv2%2Fmedia&parent=2992"}],"wp:term":[{"taxonomy":"category","embeddable":true,"href":"https:\/\/tamaulipasmiregion.com\/index.php?rest_route=%2Fwp%2Fv2%2Fcategories&post=2992"},{"taxonomy":"post_tag","embeddable":true,"href":"https:\/\/tamaulipasmiregion.com\/index.php?rest_route=%2Fwp%2Fv2%2Ftags&post=2992"}],"curies":[{"name":"wp","href":"https:\/\/api.w.org\/{rel}","templated":true}]}}