{"id":2998,"date":"2024-12-28T01:33:53","date_gmt":"2024-12-28T01:33:53","guid":{"rendered":"https:\/\/tamaulipasmiregion.com\/?p=2998"},"modified":"2025-01-07T01:35:22","modified_gmt":"2025-01-07T01:35:22","slug":"concluye-la-uat-con-exito-la-exposicion-de-sus-talleres-artisticos","status":"publish","type":"post","link":"https:\/\/tamaulipasmiregion.com\/?p=2998","title":{"rendered":"Concluye la UAT con \u00e9xito la exposici\u00f3n de sus talleres art\u00edsticos"},"content":{"rendered":"<p>La Universidad Aut\u00f3noma de Tamaulipas (UAT) concluy\u00f3 con \u00e9xito las actividades de los<br \/>\ntalleres art\u00edsticos del ciclo 2024-3 en Ciudad Victoria y Tampico, con eventos llenos de<br \/>\ncreatividad y talento.<br \/>\nEstos talleres, que se impartieron desde agosto hasta diciembre, no solo reflejan el<br \/>\ncompromiso con la formaci\u00f3n cultural de la comunidad universitaria, sino tambi\u00e9n su<br \/>\napertura al p\u00fablico en general, consolid\u00e1ndose como un espacio inclusivo para el desarrollo<br \/>\nart\u00edstico de la poblaci\u00f3n tamaulipeca de todas las edades.<br \/>\nMediante la organizaci\u00f3n de estas actividades, a cargo de la Direcci\u00f3n de Cultura y Arte de<br \/>\nla UAT, se destac\u00f3 el firme compromiso del rector D\u00e1maso Anaya Alvarado con la promoci\u00f3n<br \/>\ndel arte y la cultura como elementos esenciales en la formaci\u00f3n integral de los estudiantes<br \/>\ny en la vinculaci\u00f3n con la sociedad.<br \/>\nEn el Gimnasio Multidisciplinario de la UAT en Ciudad Victoria, los talleres dirigidos a<br \/>\nalumnos externos de todas las edades ofrecieron una exhibici\u00f3n de dibujo y pintura, seguida<br \/>\ndel espect\u00e1culo denominado Closing Show, que incluy\u00f3 danza folkl\u00f3rica infantil y juvenil,<br \/>\ndanza moderna infantil y juvenil, teatro, pantomima, canto en diversas categor\u00edas y ballet<br \/>\ninfantil, destacando la participaci\u00f3n tanto de ni\u00f1os como de j\u00f3venes y adultos.<br \/>\nAdem\u00e1s, en el Teatro Universitario se present\u00f3 una muestra de las actividades art\u00edsticas de<br \/>\ntalleres que abarcan desde canto y guitarra hasta teatro, pantomima y ballet. Estas<br \/>\npresentaciones fueron realizadas por los integrantes de los talleres art\u00edsticos de la<br \/>\ncomunidad universitaria, reflejando la formaci\u00f3n integral que la UAT brinda a sus<br \/>\nestudiantes.<br \/>\nDe igual manera, en el auditorio del Centro de Excelencia del Campus Tampico se<br \/>\npresentaron espect\u00e1culos de folklore, jazz, ballet, tunas, rondalla, guitarra, canto, coro,<br \/>\nteatro y literatura.<br \/>\nEste evento mostr\u00f3 el talento y la dedicaci\u00f3n tanto de los estudiantes universitarios como<br \/>\nde participantes externos, quienes tuvieron la oportunidad de demostrar su aprendizaje y<br \/>\ncreatividad.<\/p>\n","protected":false},"excerpt":{"rendered":"La Universidad Aut\u00f3noma de Tamaulipas (UAT) concluy\u00f3 con \u00e9xito las actividades de los talleres art\u00edsticos del ciclo 2024-3 en Ciudad Victoria y Tampico, con eventos llenos de creatividad y talento. Estos talleres, que se impartieron desde agosto hasta diciembre, no solo reflejan el compromiso con la formaci\u00f3n cultural de la comunidad universitaria, sino tambi\u00e9n su","protected":false},"author":1,"featured_media":2999,"comment_status":"open","ping_status":"open","sticky":false,"template":"","format":"standard","meta":{"_monsterinsights_skip_tracking":false,"_monsterinsights_sitenote_active":false,"_monsterinsights_sitenote_note":"","_monsterinsights_sitenote_category":0,"footnotes":""},"categories":[3],"tags":[],"class_list":["post-2998","post","type-post","status-publish","format-standard","has-post-thumbnail","hentry","category-noticias"],"aioseo_notices":[],"amp_enabled":true,"_links":{"self":[{"href":"https:\/\/tamaulipasmiregion.com\/index.php?rest_route=\/wp\/v2\/posts\/2998","targetHints":{"allow":["GET"]}}],"collection":[{"href":"https:\/\/tamaulipasmiregion.com\/index.php?rest_route=\/wp\/v2\/posts"}],"about":[{"href":"https:\/\/tamaulipasmiregion.com\/index.php?rest_route=\/wp\/v2\/types\/post"}],"author":[{"embeddable":true,"href":"https:\/\/tamaulipasmiregion.com\/index.php?rest_route=\/wp\/v2\/users\/1"}],"replies":[{"embeddable":true,"href":"https:\/\/tamaulipasmiregion.com\/index.php?rest_route=%2Fwp%2Fv2%2Fcomments&post=2998"}],"version-history":[{"count":1,"href":"https:\/\/tamaulipasmiregion.com\/index.php?rest_route=\/wp\/v2\/posts\/2998\/revisions"}],"predecessor-version":[{"id":3000,"href":"https:\/\/tamaulipasmiregion.com\/index.php?rest_route=\/wp\/v2\/posts\/2998\/revisions\/3000"}],"wp:featuredmedia":[{"embeddable":true,"href":"https:\/\/tamaulipasmiregion.com\/index.php?rest_route=\/wp\/v2\/media\/2999"}],"wp:attachment":[{"href":"https:\/\/tamaulipasmiregion.com\/index.php?rest_route=%2Fwp%2Fv2%2Fmedia&parent=2998"}],"wp:term":[{"taxonomy":"category","embeddable":true,"href":"https:\/\/tamaulipasmiregion.com\/index.php?rest_route=%2Fwp%2Fv2%2Fcategories&post=2998"},{"taxonomy":"post_tag","embeddable":true,"href":"https:\/\/tamaulipasmiregion.com\/index.php?rest_route=%2Fwp%2Fv2%2Ftags&post=2998"}],"curies":[{"name":"wp","href":"https:\/\/api.w.org\/{rel}","templated":true}]}}