{"id":3021,"date":"2025-01-05T02:03:41","date_gmt":"2025-01-05T02:03:41","guid":{"rendered":"https:\/\/tamaulipasmiregion.com\/?p=3021"},"modified":"2025-01-07T02:04:27","modified_gmt":"2025-01-07T02:04:27","slug":"reanuda-la-uat-este-lunes-actividades-administrativas-tras-el-receso-vacacional-de-invierno","status":"publish","type":"post","link":"https:\/\/tamaulipasmiregion.com\/?p=3021","title":{"rendered":"Reanuda la UAT este lunes actividades administrativas tras el receso vacacional de invierno"},"content":{"rendered":"<p>La Universidad Aut\u00f3noma de Tamaulipas (UAT) reanudar\u00e1 sus actividades administrativas<br \/>\neste lunes 6 de enero de 2025, tras concluir el periodo vacacional de invierno que<br \/>\ncomprendi\u00f3 del 16 de diciembre de 2024 al 3 de enero de 2025.<br \/>\nEste retorno concierne a todas las dependencias universitarias ubicadas en las zonas centro,<br \/>\nnorte y sur del estado.<br \/>\nPor acuerdo del rector D\u00e1maso Anaya Alvarado y en cumplimiento del contrato colectivo de<br \/>\ntrabajo y del calendario oficial de la UAT, todo el personal universitario sindicalizado y de<br \/>\nconfianza se reincorporar\u00e1 a sus ocupaciones habituales con el objetivo de garantizar la<br \/>\ncontinuidad y el buen funcionamiento de las actividades institucionales.<br \/>\nSimult\u00e1neamente, se llevar\u00e1 a cabo el proceso de inscripciones y reinscripciones para el ciclo<br \/>\nprimavera 2025-1, que tendr\u00e1 lugar del 7 al 20 de enero. Las clases correspondientes a este<br \/>\nperiodo se iniciar\u00e1n el lunes 13 de enero en todas las facultades, unidades acad\u00e9micas y<br \/>\nescuelas de la UAT.<br \/>\nPor otra parte, los aspirantes que presentaron el examen CENEVAL el pasado 21 de<br \/>\nnoviembre y consultaron sus resultados el 12 de diciembre continuar\u00e1n su proceso de<br \/>\nadmisi\u00f3n durante el mes de enero en sus respectivas dependencias acad\u00e9micas.<br \/>\nEl registro para el proceso de admisi\u00f3n se encontrar\u00e1 disponible en el sitio web<br \/>\nhttps:\/\/aspirantes.uat.edu.mx\/, con acceso tambi\u00e9n desde el portal oficial de la UAT.<br \/>\nAdem\u00e1s, a trav\u00e9s de las p\u00e1ginas oficiales y redes sociales de las escuelas, facultades y<br \/>\nunidades acad\u00e9micas de la UAT, as\u00ed como de las redes sociales oficiales de la Universidad, se<br \/>\nofrecer\u00e1 atenci\u00f3n y asesoramiento para quienes lo requieran.<br \/>\nToda la informaci\u00f3n sobre el calendario administrativo\/escolar, procesos de inscripci\u00f3n y<br \/>\noferta educativa puede consultarse en el portal oficial de la Universidad: www.uat.edu.mx.<\/p>\n","protected":false},"excerpt":{"rendered":"La Universidad Aut\u00f3noma de Tamaulipas (UAT) reanudar\u00e1 sus actividades administrativas este lunes 6 de enero de 2025, tras concluir el periodo vacacional de invierno que comprendi\u00f3 del 16 de diciembre de 2024 al 3 de enero de 2025. Este retorno concierne a todas las dependencias universitarias ubicadas en las zonas centro, norte y sur del","protected":false},"author":1,"featured_media":3022,"comment_status":"open","ping_status":"open","sticky":false,"template":"","format":"standard","meta":{"_monsterinsights_skip_tracking":false,"_monsterinsights_sitenote_active":false,"_monsterinsights_sitenote_note":"","_monsterinsights_sitenote_category":0,"footnotes":""},"categories":[3],"tags":[],"class_list":["post-3021","post","type-post","status-publish","format-standard","has-post-thumbnail","hentry","category-noticias"],"aioseo_notices":[],"amp_enabled":true,"_links":{"self":[{"href":"https:\/\/tamaulipasmiregion.com\/index.php?rest_route=\/wp\/v2\/posts\/3021","targetHints":{"allow":["GET"]}}],"collection":[{"href":"https:\/\/tamaulipasmiregion.com\/index.php?rest_route=\/wp\/v2\/posts"}],"about":[{"href":"https:\/\/tamaulipasmiregion.com\/index.php?rest_route=\/wp\/v2\/types\/post"}],"author":[{"embeddable":true,"href":"https:\/\/tamaulipasmiregion.com\/index.php?rest_route=\/wp\/v2\/users\/1"}],"replies":[{"embeddable":true,"href":"https:\/\/tamaulipasmiregion.com\/index.php?rest_route=%2Fwp%2Fv2%2Fcomments&post=3021"}],"version-history":[{"count":1,"href":"https:\/\/tamaulipasmiregion.com\/index.php?rest_route=\/wp\/v2\/posts\/3021\/revisions"}],"predecessor-version":[{"id":3023,"href":"https:\/\/tamaulipasmiregion.com\/index.php?rest_route=\/wp\/v2\/posts\/3021\/revisions\/3023"}],"wp:featuredmedia":[{"embeddable":true,"href":"https:\/\/tamaulipasmiregion.com\/index.php?rest_route=\/wp\/v2\/media\/3022"}],"wp:attachment":[{"href":"https:\/\/tamaulipasmiregion.com\/index.php?rest_route=%2Fwp%2Fv2%2Fmedia&parent=3021"}],"wp:term":[{"taxonomy":"category","embeddable":true,"href":"https:\/\/tamaulipasmiregion.com\/index.php?rest_route=%2Fwp%2Fv2%2Fcategories&post=3021"},{"taxonomy":"post_tag","embeddable":true,"href":"https:\/\/tamaulipasmiregion.com\/index.php?rest_route=%2Fwp%2Fv2%2Ftags&post=3021"}],"curies":[{"name":"wp","href":"https:\/\/api.w.org\/{rel}","templated":true}]}}