{"id":3029,"date":"2025-01-07T15:42:02","date_gmt":"2025-01-07T15:42:02","guid":{"rendered":"https:\/\/tamaulipasmiregion.com\/?p=3029"},"modified":"2025-01-13T15:42:53","modified_gmt":"2025-01-13T15:42:53","slug":"designa-el-rector-a-la-dra-maria-concepcion-placencia-como-secretaria-general-de-la-uat","status":"publish","type":"post","link":"https:\/\/tamaulipasmiregion.com\/?p=3029","title":{"rendered":"Designa el rector a la Dra. Mar\u00eda Concepci\u00f3n Placencia como secretaria general de la UAT"},"content":{"rendered":"<p>Conforme a sus atribuciones conferidas en el Estatuto Org\u00e1nico de la Universidad Aut\u00f3noma<br \/>\nde Tamaulipas (UAT), el rector D\u00e1maso Anaya Alvarado design\u00f3 a la Dra. Mar\u00eda Concepci\u00f3n<br \/>\nPlacencia Valadez como secretaria general de la m\u00e1xima casa de estudios del estado.<br \/>\nEl rector hizo entrega del nombramiento a la nueva titular de la Secretar\u00eda General de la UAT,<br \/>\na quien expres\u00f3 su confianza de fortalecer el trabajo institucional y seguir impulsando el<br \/>\nmejoramiento de la educaci\u00f3n, en beneficio de los universitarios y de la entidad en general.<br \/>\nEn seguimiento a este proceso, la nominaci\u00f3n de la Dra. Mar\u00eda Placencia Valadez, quien<br \/>\nreleva en el cargo al Dr. Eduardo Arvizu S\u00e1nchez, se pondr\u00e1 a consideraci\u00f3n de la Asamblea<br \/>\nUniversitaria en una pr\u00f3xima sesi\u00f3n de este \u00f3rgano colegiado para ratificar esta designaci\u00f3n<br \/>\nconforme al Estatuto Org\u00e1nico de la UAT.<br \/>\nCabe destacar que la Dra. Placencia ha realizado su formaci\u00f3n profesional en la UAT como<br \/>\nIngeniero Agr\u00f3nomo Especialista en Suelos, licenciada en Administraci\u00f3n, maestra en<br \/>\nDesarrollo de Recursos Humanos y doctora en Administraci\u00f3n P\u00fablica.<br \/>\nSe ha desempe\u00f1ado como docente en la Facultad de Comercio y Administraci\u00f3n Victoria y<br \/>\nen la Facultad de Derecho y Ciencias Sociales Victoria de la UAT, y ha participado como<br \/>\nponente en diversos foros acad\u00e9micos.<br \/>\nEs coautora en cap\u00edtulos de los libros: G\u00e9nero, universidad y sociedad; Acciones preventivas<br \/>\nen pol\u00edticas p\u00fablicas de salud con enfoque en adicciones; y An\u00e1lisis de la pol\u00edtica p\u00fablica<br \/>\npara el tratamiento de usuarios j\u00f3venes de sustancias adictivas en M\u00e9xico, 2013-2018,<br \/>\nadem\u00e1s de publicaciones en revistas y libros de car\u00e1cter nacional e internacional.<br \/>\nEn su trayectoria acad\u00e9mica en la UAT colabor\u00f3 con el grupo disciplinar de Derecho Penal,<br \/>\nSeguridad P\u00fablica y Criminolog\u00eda, y actualmente es l\u00edder del grupo disciplinar de<br \/>\nGobernanza y Mejora Regulatoria.<br \/>\nCuenta con los reconocimientos de la UAT al M\u00e9rito Universitario, en 2013; Profesor<br \/>\nEm\u00e9rito, en 2021; y una trayectoria de 38 a\u00f1os de servicio en esta Universidad en las \u00e1reas<br \/>\nde Extensi\u00f3n Universitaria, Relaciones P\u00fablicas, Coordinaci\u00f3n Estudiantil, Vinculaci\u00f3n y<br \/>\n\u00d3rganos Colegiados en la Secretar\u00eda General.<\/p>\n","protected":false},"excerpt":{"rendered":"Conforme a sus atribuciones conferidas en el Estatuto Org\u00e1nico de la Universidad Aut\u00f3noma de Tamaulipas (UAT), el rector D\u00e1maso Anaya Alvarado design\u00f3 a la Dra. Mar\u00eda Concepci\u00f3n Placencia Valadez como secretaria general de la m\u00e1xima casa de estudios del estado. El rector hizo entrega del nombramiento a la nueva titular de la Secretar\u00eda General de","protected":false},"author":1,"featured_media":3030,"comment_status":"open","ping_status":"open","sticky":false,"template":"","format":"standard","meta":{"_monsterinsights_skip_tracking":false,"_monsterinsights_sitenote_active":false,"_monsterinsights_sitenote_note":"","_monsterinsights_sitenote_category":0,"footnotes":""},"categories":[3],"tags":[],"class_list":["post-3029","post","type-post","status-publish","format-standard","has-post-thumbnail","hentry","category-noticias"],"aioseo_notices":[],"amp_enabled":true,"_links":{"self":[{"href":"https:\/\/tamaulipasmiregion.com\/index.php?rest_route=\/wp\/v2\/posts\/3029","targetHints":{"allow":["GET"]}}],"collection":[{"href":"https:\/\/tamaulipasmiregion.com\/index.php?rest_route=\/wp\/v2\/posts"}],"about":[{"href":"https:\/\/tamaulipasmiregion.com\/index.php?rest_route=\/wp\/v2\/types\/post"}],"author":[{"embeddable":true,"href":"https:\/\/tamaulipasmiregion.com\/index.php?rest_route=\/wp\/v2\/users\/1"}],"replies":[{"embeddable":true,"href":"https:\/\/tamaulipasmiregion.com\/index.php?rest_route=%2Fwp%2Fv2%2Fcomments&post=3029"}],"version-history":[{"count":1,"href":"https:\/\/tamaulipasmiregion.com\/index.php?rest_route=\/wp\/v2\/posts\/3029\/revisions"}],"predecessor-version":[{"id":3031,"href":"https:\/\/tamaulipasmiregion.com\/index.php?rest_route=\/wp\/v2\/posts\/3029\/revisions\/3031"}],"wp:featuredmedia":[{"embeddable":true,"href":"https:\/\/tamaulipasmiregion.com\/index.php?rest_route=\/wp\/v2\/media\/3030"}],"wp:attachment":[{"href":"https:\/\/tamaulipasmiregion.com\/index.php?rest_route=%2Fwp%2Fv2%2Fmedia&parent=3029"}],"wp:term":[{"taxonomy":"category","embeddable":true,"href":"https:\/\/tamaulipasmiregion.com\/index.php?rest_route=%2Fwp%2Fv2%2Fcategories&post=3029"},{"taxonomy":"post_tag","embeddable":true,"href":"https:\/\/tamaulipasmiregion.com\/index.php?rest_route=%2Fwp%2Fv2%2Ftags&post=3029"}],"curies":[{"name":"wp","href":"https:\/\/api.w.org\/{rel}","templated":true}]}}