{"id":3050,"date":"2025-01-13T00:52:46","date_gmt":"2025-01-13T00:52:46","guid":{"rendered":"https:\/\/tamaulipasmiregion.com\/?p=3050"},"modified":"2025-01-15T00:53:52","modified_gmt":"2025-01-15T00:53:52","slug":"damaso-anaya-da-inicio-en-tampico-al-ciclo-escolar-de-la-uat","status":"publish","type":"post","link":"https:\/\/tamaulipasmiregion.com\/?p=3050","title":{"rendered":"D\u00e1maso Anaya da inicio en Tampico al ciclo escolar de la UAT"},"content":{"rendered":"<p>\u2022 Preside rector ceremonia c\u00edvica de apertura a las actividades acad\u00e9micas y hace<br \/>\nentrega simb\u00f3lica de equipos de c\u00f3mputo a estudiantes del Centro Universitario<br \/>\nSur.<br \/>\n\u2022 Reafirma visi\u00f3n de la UAT de ofrecer a la juventud una educaci\u00f3n humanista,<br \/>\ninclusiva e innovadora que responda a las necesidades de su comunidad.<br \/>\nAl presidir la ceremonia c\u00edvica de inicio de las actividades acad\u00e9micas 2025 de la Universidad<br \/>\nAut\u00f3noma de Tamaulipas (UAT), el rector D\u00e1maso Anaya Alvarado reafirm\u00f3 el compromiso<br \/>\nde la casa de estudios de ofrecer a la juventud una educaci\u00f3n humanista, inclusiva e<br \/>\ninnovadora que responda a las necesidades de su comunidad.<br \/>\nEn el evento realizado en el Centro Universitario Sur, el rector estuvo acompa\u00f1ado de su<br \/>\nesposa, Isolda Rend\u00f3n de Anaya, presidenta de Familia UAT, y directivos de las facultades y<br \/>\nunidades acad\u00e9micas, donde hizo entrega de equipo de c\u00f3mputo port\u00e1til a estudiantes de<br \/>\neste campus.<br \/>\nEn su mensaje de bienvenida al personal docente y a la comunidad estudiantil, D\u00e1maso<br \/>\nAnaya destac\u00f3 la importancia de celebrar este inicio de a\u00f1o con una ceremonia c\u00edvica que<br \/>\nsimboliza los valores de la unidad, el compromiso y la responsabilidad que gu\u00edan a la<br \/>\ninstituci\u00f3n.<br \/>\n\u201cMe entusiasma mucho iniciar aqu\u00ed las actividades acad\u00e9micas en este ic\u00f3nico lugar que vio<br \/>\nnacer a la UAT, aqu\u00ed vengo a reafirmar nuestro compromiso de que la instituci\u00f3n siga siendo<br \/>\nun motor de cambio para Tamaulipas\u201d, expres\u00f3.<br \/>\nApunt\u00f3 que el 2024 fue un a\u00f1o de importantes avances, en el cual, bajo el enfoque de una<br \/>\neducaci\u00f3n humanista, se consolid\u00f3 un modelo acad\u00e9mico que busca transmitir<br \/>\nconocimientos y cultivar valores que construyan ciudadanos \u00edntegros y comprometidos con<br \/>\nsu comunidad.<br \/>\nDe manera simb\u00f3lica, durante esta ceremonia se entregaron 907 computadoras a<br \/>\nestudiantes. Esto con el apoyo del gobernador Am\u00e9rico Villarreal, con el que se da<br \/>\ncontinuidad a este programa sin precedentes, el cual refleja la visi\u00f3n de una Universidad<br \/>\ninclusiva y centrada en las necesidades de su sociedad.<br \/>\nPor \u00faltimo, el rector D\u00e1maso Anaya invit\u00f3 a la comunidad universitaria a recibir este a\u00f1o con<br \/>\nrenovado entusiasmo y a trabajar unidos para consolidar a la UAT como la mejor del noreste<br \/>\nde M\u00e9xico.<br \/>\n\u201cSigamos construyendo una Universidad que sea referente de excelencia, humanismo e<br \/>\ninnovaci\u00f3n, juntos podemos transformar vidas y contribuir al desarrollo social y econ\u00f3mico<br \/>\nde nuestro estado\u201d, concluy\u00f3.<br \/>\nEn el marco de la ceremonia c\u00edvica, el catedr\u00e1tico de la Facultad de Ingenier\u00eda Tampico, Juan<br \/>\nEnrique Bermea Barrios, expres\u00f3 el mensaje del claustro docente resaltando el compromiso<br \/>\nde sumar esfuerzos para consolidar el proyecto acad\u00e9mico del rector.<br \/>\nA su vez, Mar\u00eda del Rosario Franco Segura, estudiante de la Facultad de Arquitectura, Dise\u00f1o<br \/>\ny Urbanismo, agradeci\u00f3 al rector por la entrega de las computadoras y por promover m\u00e1s<br \/>\nespacios y oportunidades que fortalecen la formaci\u00f3n integral de todo el alumnado.<\/p>\n","protected":false},"excerpt":{"rendered":"\u2022 Preside rector ceremonia c\u00edvica de apertura a las actividades acad\u00e9micas y hace entrega simb\u00f3lica de equipos de c\u00f3mputo a estudiantes del Centro Universitario Sur. \u2022 Reafirma visi\u00f3n de la UAT de ofrecer a la juventud una educaci\u00f3n humanista, inclusiva e innovadora que responda a las necesidades de su comunidad. Al presidir la ceremonia c\u00edvica","protected":false},"author":1,"featured_media":3052,"comment_status":"open","ping_status":"open","sticky":false,"template":"","format":"standard","meta":{"_monsterinsights_skip_tracking":false,"_monsterinsights_sitenote_active":false,"_monsterinsights_sitenote_note":"","_monsterinsights_sitenote_category":0,"footnotes":""},"categories":[3],"tags":[],"class_list":["post-3050","post","type-post","status-publish","format-standard","has-post-thumbnail","hentry","category-noticias"],"aioseo_notices":[],"amp_enabled":true,"_links":{"self":[{"href":"https:\/\/tamaulipasmiregion.com\/index.php?rest_route=\/wp\/v2\/posts\/3050","targetHints":{"allow":["GET"]}}],"collection":[{"href":"https:\/\/tamaulipasmiregion.com\/index.php?rest_route=\/wp\/v2\/posts"}],"about":[{"href":"https:\/\/tamaulipasmiregion.com\/index.php?rest_route=\/wp\/v2\/types\/post"}],"author":[{"embeddable":true,"href":"https:\/\/tamaulipasmiregion.com\/index.php?rest_route=\/wp\/v2\/users\/1"}],"replies":[{"embeddable":true,"href":"https:\/\/tamaulipasmiregion.com\/index.php?rest_route=%2Fwp%2Fv2%2Fcomments&post=3050"}],"version-history":[{"count":1,"href":"https:\/\/tamaulipasmiregion.com\/index.php?rest_route=\/wp\/v2\/posts\/3050\/revisions"}],"predecessor-version":[{"id":3053,"href":"https:\/\/tamaulipasmiregion.com\/index.php?rest_route=\/wp\/v2\/posts\/3050\/revisions\/3053"}],"wp:featuredmedia":[{"embeddable":true,"href":"https:\/\/tamaulipasmiregion.com\/index.php?rest_route=\/wp\/v2\/media\/3052"}],"wp:attachment":[{"href":"https:\/\/tamaulipasmiregion.com\/index.php?rest_route=%2Fwp%2Fv2%2Fmedia&parent=3050"}],"wp:term":[{"taxonomy":"category","embeddable":true,"href":"https:\/\/tamaulipasmiregion.com\/index.php?rest_route=%2Fwp%2Fv2%2Fcategories&post=3050"},{"taxonomy":"post_tag","embeddable":true,"href":"https:\/\/tamaulipasmiregion.com\/index.php?rest_route=%2Fwp%2Fv2%2Ftags&post=3050"}],"curies":[{"name":"wp","href":"https:\/\/api.w.org\/{rel}","templated":true}]}}