{"id":3057,"date":"2025-01-15T13:23:54","date_gmt":"2025-01-15T13:23:54","guid":{"rendered":"https:\/\/tamaulipasmiregion.com\/?p=3057"},"modified":"2025-01-17T13:29:15","modified_gmt":"2025-01-17T13:29:15","slug":"firma-la-uat-convenio-con-escuela-de-economia-social-de-espana","status":"publish","type":"post","link":"https:\/\/tamaulipasmiregion.com\/?p=3057","title":{"rendered":"Firma la UAT convenio con Escuela de Econom\u00eda Social de Espa\u00f1a"},"content":{"rendered":"<p>La Universidad Aut\u00f3noma de Tamaulipas (UAT) y la Escuela de Econom\u00eda Social de Andaluc\u00eda, Espa\u00f1a, formalizaron un convenio de colaboraci\u00f3n que tiene como objetivo fortalecer el conocimiento, la innovaci\u00f3n y la responsabilidad social, ofreciendo apoyo y formaci\u00f3n a j\u00f3venes emprendedores, adem\u00e1s de impulsar cooperativas y redes de emprendimiento social.<br \/>\nEl convenio fue firmado por el rector de la UAT, D\u00e1maso Anaya Alvarado, y el director de la Escuela de Econom\u00eda Social de Andaluc\u00eda, Jos\u00e9 Ariza Reyes, en un acto que reflej\u00f3 el compromiso mutuo por el desarrollo acad\u00e9mico y social.<br \/>\nEl rector D\u00e1maso Anaya subray\u00f3 que esta colaboraci\u00f3n contribuir\u00e1 a la formaci\u00f3n de estudiantes con enfoque social y humanista, fortalecer\u00e1 la investigaci\u00f3n aplicada a problemas sociales y fomentar\u00e1 la innovaci\u00f3n social y el emprendimiento.<br \/>\nAsimismo, crear\u00e1 espacios de colaboraci\u00f3n entre la Universidad, cooperativas y actores sociales, apoyando la transformaci\u00f3n hacia una sociedad m\u00e1s justa y sostenible.<br \/>\nA su vez, resalt\u00f3 el prestigio de la escuela andaluza y agradeci\u00f3 el respaldo de autoridades locales como la titular de la Secretar\u00eda de Econom\u00eda de Tamaulipas, Ninfa Cant\u00fa De\u00e1ndar, y la subsecretaria para la Peque\u00f1a y Mediana Empresa, Marina \u00c1lvarez Quero.<br \/>\nPuntualiz\u00f3 el rector que, esta colaboraci\u00f3n, representa tambi\u00e9n una oportunidad para fortalecer la investigaci\u00f3n y generar un impacto positivo a nivel local y global.<br \/>\nPor su parte, Jos\u00e9 Ariza Reyes comparti\u00f3 la experiencia de su escuela en Andaluc\u00eda, la cual lleva m\u00e1s de 20 a\u00f1os promoviendo la econom\u00eda social.<br \/>\nExpres\u00f3 que esta colaboraci\u00f3n con la UAT destaca el reto y compromiso de contribuir al bienestar de los ciudadanos y de fortalecer los lazos entre instituciones de Am\u00e9rica Latina y Espa\u00f1a.<br \/>\nDe igual manera, al firmar como testigo de honor, la secretaria de Econom\u00eda de Tamaulipas, Ninfa Cant\u00fa De\u00e1ndar resalt\u00f3 el liderazgo del estado en la creaci\u00f3n de nodos de impulso a la econom\u00eda social. Subray\u00f3 que este convenio consolida un modelo econ\u00f3mico centrado en las personas, un pilar del desarrollo social y econ\u00f3mico en la regi\u00f3n.<br \/>\nEl acuerdo contempla una serie de acciones que instrumentar\u00e1 la UAT a trav\u00e9s del Centro de Innovaci\u00f3n y Transferencia del Conocimiento (CINOTAM), entre las que se contempla desarrollar programas de capacitaci\u00f3n en econom\u00eda social, generar profesionales comprometidos con el bienestar colectivo, e impulsar proyectos conjuntos sobre necesidades sociales prioritarias en la regi\u00f3n.<br \/>\nAs\u00ed, la UAT y la Escuela de Econom\u00eda Social potenciar\u00e1n sus capacidades en \u00e1reas clave como la innovaci\u00f3n social y el emprendimiento colectivo, contribuyendo a la formaci\u00f3n integral de los estudiantes, el fortalecimiento de la investigaci\u00f3n aplicada y la creaci\u00f3n de soluciones innovadoras para los desaf\u00edos sociales.<\/p>\n","protected":false},"excerpt":{"rendered":"La Universidad Aut\u00f3noma de Tamaulipas (UAT) y la Escuela de Econom\u00eda Social de Andaluc\u00eda, Espa\u00f1a, formalizaron un convenio de colaboraci\u00f3n que tiene como objetivo fortalecer el conocimiento, la innovaci\u00f3n y la responsabilidad social, ofreciendo apoyo y formaci\u00f3n a j\u00f3venes emprendedores, adem\u00e1s de impulsar cooperativas y redes de emprendimiento social. El convenio fue firmado por el","protected":false},"author":1,"featured_media":3058,"comment_status":"open","ping_status":"open","sticky":false,"template":"","format":"standard","meta":{"_monsterinsights_skip_tracking":false,"_monsterinsights_sitenote_active":false,"_monsterinsights_sitenote_note":"","_monsterinsights_sitenote_category":0,"footnotes":""},"categories":[3],"tags":[],"class_list":["post-3057","post","type-post","status-publish","format-standard","has-post-thumbnail","hentry","category-noticias"],"aioseo_notices":[],"amp_enabled":true,"_links":{"self":[{"href":"https:\/\/tamaulipasmiregion.com\/index.php?rest_route=\/wp\/v2\/posts\/3057","targetHints":{"allow":["GET"]}}],"collection":[{"href":"https:\/\/tamaulipasmiregion.com\/index.php?rest_route=\/wp\/v2\/posts"}],"about":[{"href":"https:\/\/tamaulipasmiregion.com\/index.php?rest_route=\/wp\/v2\/types\/post"}],"author":[{"embeddable":true,"href":"https:\/\/tamaulipasmiregion.com\/index.php?rest_route=\/wp\/v2\/users\/1"}],"replies":[{"embeddable":true,"href":"https:\/\/tamaulipasmiregion.com\/index.php?rest_route=%2Fwp%2Fv2%2Fcomments&post=3057"}],"version-history":[{"count":1,"href":"https:\/\/tamaulipasmiregion.com\/index.php?rest_route=\/wp\/v2\/posts\/3057\/revisions"}],"predecessor-version":[{"id":3059,"href":"https:\/\/tamaulipasmiregion.com\/index.php?rest_route=\/wp\/v2\/posts\/3057\/revisions\/3059"}],"wp:featuredmedia":[{"embeddable":true,"href":"https:\/\/tamaulipasmiregion.com\/index.php?rest_route=\/wp\/v2\/media\/3058"}],"wp:attachment":[{"href":"https:\/\/tamaulipasmiregion.com\/index.php?rest_route=%2Fwp%2Fv2%2Fmedia&parent=3057"}],"wp:term":[{"taxonomy":"category","embeddable":true,"href":"https:\/\/tamaulipasmiregion.com\/index.php?rest_route=%2Fwp%2Fv2%2Fcategories&post=3057"},{"taxonomy":"post_tag","embeddable":true,"href":"https:\/\/tamaulipasmiregion.com\/index.php?rest_route=%2Fwp%2Fv2%2Ftags&post=3057"}],"curies":[{"name":"wp","href":"https:\/\/api.w.org\/{rel}","templated":true}]}}