{"id":3078,"date":"2025-01-21T00:15:47","date_gmt":"2025-01-21T00:15:47","guid":{"rendered":"https:\/\/tamaulipasmiregion.com\/?p=3078"},"modified":"2025-02-08T00:16:38","modified_gmt":"2025-02-08T00:16:38","slug":"impulsa-la-uat-el-desarrollo-de-habilidades-blandas-en-la-formacion-universitaria","status":"publish","type":"post","link":"https:\/\/tamaulipasmiregion.com\/?p=3078","title":{"rendered":"Impulsa la UAT el desarrollo de habilidades blandas en la formaci\u00f3n universitaria"},"content":{"rendered":"<p>El rector D\u00e1maso Anaya Alvarado puso en marcha las actividades del M\u00f3dulo 4 \u201cInteligencia<br \/>\nContextual\u201d del Diplomado \u00abEstrategias Docentes para el Desarrollo de Habilidades Blandas<br \/>\nen la Formaci\u00f3n Universitaria\u00bb, dirigido a docentes de la Universidad Aut\u00f3noma de<br \/>\nTamaulipas (UAT).<br \/>\nAl dar la bienvenida a la sesi\u00f3n del diplomado que se imparte de manera virtual, el rector<br \/>\nD\u00e1maso Anaya destac\u00f3 la importancia de promover este programa y fortalecer las<br \/>\nestrategias del profesorado en la formaci\u00f3n de los universitarios.<br \/>\nResalt\u00f3 tambi\u00e9n el objetivo de que los estudiantes fortalezcan su inteligencia contextual y<br \/>\nsu capacidad de adaptaci\u00f3n e innovaci\u00f3n ante los desaf\u00edos y cambios sociales actuales.<br \/>\nSe\u00f1al\u00f3 que las acciones de formaci\u00f3n de habilidades blandas en los universitarios se alinean<br \/>\na la pol\u00edtica educativa del gobernador Am\u00e9rico Villarreal, quien es el principal impulsor de<br \/>\nla educaci\u00f3n como herramienta de transformaci\u00f3n social.<br \/>\nCon estos esfuerzos, sostuvo que la UAT seguir\u00e1 avanzando y consolid\u00e1ndose como una<br \/>\ninstituci\u00f3n de referencia en el \u00e1mbito acad\u00e9mico y social.<br \/>\nEn este marco, exhort\u00f3 a los docentes a seguir inspirando a los estudiantes y a continuar<br \/>\nfomentando un ambiente de aprendizaje inclusivo. A\u00f1adi\u00f3 que su papel como educadores<br \/>\nes fundamental para el desarrollo integral de los j\u00f3venes.<br \/>\nPuntualiz\u00f3 que este diplomado ha sido dise\u00f1ado con el objetivo de proporcionarles las<br \/>\nherramientas y estrategias necesarias para fomentar las habilidades blandas en sus pr\u00e1cticas<br \/>\ndocentes y enriquecer \u00e1reas que impacten positivamente la vida de los estudiantes.<br \/>\nPor su parte, la secretaria Acad\u00e9mica de la UAT, Rosa Issel Acosta Gonz\u00e1lez, coment\u00f3 el<br \/>\nprop\u00f3sito de explorar mediante este m\u00f3dulo del diplomado, el concepto de inteligencia, sus<br \/>\nteor\u00edas y las facultades cerebrales fundamentales, para optimizar su ense\u00f1anza y adaptarla<br \/>\na las necesidades de los estudiantes.<br \/>\nEl curso del m\u00f3dulo cuatro, fue impartido por la profesora-investigadora de la Facultad de<br \/>\nComercio, Administraci\u00f3n y Ciencias Sociales de Nuevo Laredo, Cynthia Ramos Monsiv\u00e1is.<\/p>\n","protected":false},"excerpt":{"rendered":"El rector D\u00e1maso Anaya Alvarado puso en marcha las actividades del M\u00f3dulo 4 \u201cInteligencia Contextual\u201d del Diplomado \u00abEstrategias Docentes para el Desarrollo de Habilidades Blandas en la Formaci\u00f3n Universitaria\u00bb, dirigido a docentes de la Universidad Aut\u00f3noma de Tamaulipas (UAT). Al dar la bienvenida a la sesi\u00f3n del diplomado que se imparte de manera virtual, el","protected":false},"author":1,"featured_media":3079,"comment_status":"open","ping_status":"open","sticky":false,"template":"","format":"standard","meta":{"_monsterinsights_skip_tracking":false,"_monsterinsights_sitenote_active":false,"_monsterinsights_sitenote_note":"","_monsterinsights_sitenote_category":0,"footnotes":""},"categories":[3],"tags":[],"class_list":["post-3078","post","type-post","status-publish","format-standard","has-post-thumbnail","hentry","category-noticias"],"aioseo_notices":[],"amp_enabled":true,"_links":{"self":[{"href":"https:\/\/tamaulipasmiregion.com\/index.php?rest_route=\/wp\/v2\/posts\/3078","targetHints":{"allow":["GET"]}}],"collection":[{"href":"https:\/\/tamaulipasmiregion.com\/index.php?rest_route=\/wp\/v2\/posts"}],"about":[{"href":"https:\/\/tamaulipasmiregion.com\/index.php?rest_route=\/wp\/v2\/types\/post"}],"author":[{"embeddable":true,"href":"https:\/\/tamaulipasmiregion.com\/index.php?rest_route=\/wp\/v2\/users\/1"}],"replies":[{"embeddable":true,"href":"https:\/\/tamaulipasmiregion.com\/index.php?rest_route=%2Fwp%2Fv2%2Fcomments&post=3078"}],"version-history":[{"count":1,"href":"https:\/\/tamaulipasmiregion.com\/index.php?rest_route=\/wp\/v2\/posts\/3078\/revisions"}],"predecessor-version":[{"id":3080,"href":"https:\/\/tamaulipasmiregion.com\/index.php?rest_route=\/wp\/v2\/posts\/3078\/revisions\/3080"}],"wp:featuredmedia":[{"embeddable":true,"href":"https:\/\/tamaulipasmiregion.com\/index.php?rest_route=\/wp\/v2\/media\/3079"}],"wp:attachment":[{"href":"https:\/\/tamaulipasmiregion.com\/index.php?rest_route=%2Fwp%2Fv2%2Fmedia&parent=3078"}],"wp:term":[{"taxonomy":"category","embeddable":true,"href":"https:\/\/tamaulipasmiregion.com\/index.php?rest_route=%2Fwp%2Fv2%2Fcategories&post=3078"},{"taxonomy":"post_tag","embeddable":true,"href":"https:\/\/tamaulipasmiregion.com\/index.php?rest_route=%2Fwp%2Fv2%2Ftags&post=3078"}],"curies":[{"name":"wp","href":"https:\/\/api.w.org\/{rel}","templated":true}]}}