{"id":3081,"date":"2025-01-22T00:18:31","date_gmt":"2025-01-22T00:18:31","guid":{"rendered":"https:\/\/tamaulipasmiregion.com\/?p=3081"},"modified":"2025-02-08T00:19:12","modified_gmt":"2025-02-08T00:19:12","slug":"rector-damaso-anaya-supervisa-obras-de-la-uat-en-nuevo-laredo","status":"publish","type":"post","link":"https:\/\/tamaulipasmiregion.com\/?p=3081","title":{"rendered":"Rector D\u00e1maso Anaya supervisa obras de la UAT en Nuevo Laredo"},"content":{"rendered":"<p>\u2022 En la Facultad de Comercio de esta ciudad fronteriza, constat\u00f3 los proyectos de<br \/>\ninfraestructura y la habilitaci\u00f3n de un refugio por la temporada invernal.<br \/>\nEl rector de la Universidad Aut\u00f3noma de Tamaulipas (UAT), D\u00e1maso Anaya Alvarado, visit\u00f3<br \/>\nla Facultad de Comercio, Administraci\u00f3n y Ciencias Sociales Nuevo Laredo, donde supervis\u00f3<br \/>\nel refugio temporal habilitado para apoyar a las personas ante las bajas temperaturas,<br \/>\nadem\u00e1s de los avances de nuevos proyectos y obras de infraestructura.<br \/>\nAcompa\u00f1ado por el director de la Facultad, Ren\u00e9 Adri\u00e1n Salinas Salinas, el rector visit\u00f3 el<br \/>\nespacio habilitado como refugio en el auditorio del plantel, donde resalt\u00f3 la colaboraci\u00f3n<br \/>\nde la Universidad con el gobierno estatal y municipal para servir a la sociedad no solo en lo<br \/>\nacad\u00e9mico, sino tambi\u00e9n en contingencias ambientales como las que se han presentado en<br \/>\nesta temporada invernal.<br \/>\nPor otra parte, constat\u00f3 los avances de una serie de proyectos, entre los que se encuentran<br \/>\nla construcci\u00f3n de una nueva entrada principal, la edificaci\u00f3n de un gimnasio, la<br \/>\nremodelaci\u00f3n del centro de c\u00f3mputo y el desarrollo del Pulm\u00f3n Universitario, un proyecto<br \/>\nque busca promover la sostenibilidad y el cuidado del medio ambiente.<br \/>\nDe igual manera, conoci\u00f3 el avance de lo que ser\u00e1 el espacio cultural de la UAT en esta<br \/>\ninstituci\u00f3n acad\u00e9mica, que se construye con el apoyo de la empresa Super Transporte<br \/>\nInternacional (STI), el cual se inaugurar\u00e1 pr\u00f3ximamente y ser\u00e1 clave para el fortalecimiento<br \/>\nde las actividades culturales y art\u00edsticas en la regi\u00f3n.<br \/>\nEn el recorrido, D\u00e1maso Anaya estuvo acompa\u00f1ado tambi\u00e9n por la directora de la Facultad<br \/>\nde Enfermer\u00eda Nuevo Laredo, Ver\u00f3nica Guajardo Balderas, subrayando el compromiso de<br \/>\nfortalecer la infraestructura universitaria y mejorar los servicios ofrecidos a la comunidad<br \/>\nestudiantil en las diferentes dependencias acad\u00e9micas de la UAT en la zona norte del estado.<\/p>\n","protected":false},"excerpt":{"rendered":"\u2022 En la Facultad de Comercio de esta ciudad fronteriza, constat\u00f3 los proyectos de infraestructura y la habilitaci\u00f3n de un refugio por la temporada invernal. El rector de la Universidad Aut\u00f3noma de Tamaulipas (UAT), D\u00e1maso Anaya Alvarado, visit\u00f3 la Facultad de Comercio, Administraci\u00f3n y Ciencias Sociales Nuevo Laredo, donde supervis\u00f3 el refugio temporal habilitado para","protected":false},"author":1,"featured_media":3082,"comment_status":"open","ping_status":"open","sticky":false,"template":"","format":"standard","meta":{"_monsterinsights_skip_tracking":false,"_monsterinsights_sitenote_active":false,"_monsterinsights_sitenote_note":"","_monsterinsights_sitenote_category":0,"footnotes":""},"categories":[3],"tags":[],"class_list":["post-3081","post","type-post","status-publish","format-standard","has-post-thumbnail","hentry","category-noticias"],"aioseo_notices":[],"amp_enabled":true,"_links":{"self":[{"href":"https:\/\/tamaulipasmiregion.com\/index.php?rest_route=\/wp\/v2\/posts\/3081","targetHints":{"allow":["GET"]}}],"collection":[{"href":"https:\/\/tamaulipasmiregion.com\/index.php?rest_route=\/wp\/v2\/posts"}],"about":[{"href":"https:\/\/tamaulipasmiregion.com\/index.php?rest_route=\/wp\/v2\/types\/post"}],"author":[{"embeddable":true,"href":"https:\/\/tamaulipasmiregion.com\/index.php?rest_route=\/wp\/v2\/users\/1"}],"replies":[{"embeddable":true,"href":"https:\/\/tamaulipasmiregion.com\/index.php?rest_route=%2Fwp%2Fv2%2Fcomments&post=3081"}],"version-history":[{"count":1,"href":"https:\/\/tamaulipasmiregion.com\/index.php?rest_route=\/wp\/v2\/posts\/3081\/revisions"}],"predecessor-version":[{"id":3083,"href":"https:\/\/tamaulipasmiregion.com\/index.php?rest_route=\/wp\/v2\/posts\/3081\/revisions\/3083"}],"wp:featuredmedia":[{"embeddable":true,"href":"https:\/\/tamaulipasmiregion.com\/index.php?rest_route=\/wp\/v2\/media\/3082"}],"wp:attachment":[{"href":"https:\/\/tamaulipasmiregion.com\/index.php?rest_route=%2Fwp%2Fv2%2Fmedia&parent=3081"}],"wp:term":[{"taxonomy":"category","embeddable":true,"href":"https:\/\/tamaulipasmiregion.com\/index.php?rest_route=%2Fwp%2Fv2%2Fcategories&post=3081"},{"taxonomy":"post_tag","embeddable":true,"href":"https:\/\/tamaulipasmiregion.com\/index.php?rest_route=%2Fwp%2Fv2%2Ftags&post=3081"}],"curies":[{"name":"wp","href":"https:\/\/api.w.org\/{rel}","templated":true}]}}