{"id":3087,"date":"2025-01-24T00:23:09","date_gmt":"2025-01-24T00:23:09","guid":{"rendered":"https:\/\/tamaulipasmiregion.com\/?p=3087"},"modified":"2025-02-08T00:24:29","modified_gmt":"2025-02-08T00:24:29","slug":"destaca-la-uat-trayectoria-y-prestigio-academico-del-dr-hector-capello","status":"publish","type":"post","link":"https:\/\/tamaulipasmiregion.com\/?p=3087","title":{"rendered":"Destaca la UAT trayectoria y prestigio acad\u00e9mico del Dr. H\u00e9ctor Capello"},"content":{"rendered":"<p>El rector de la Universidad Aut\u00f3noma de Tamaulipas (UAT), D\u00e1maso Anaya Alvarado, sostuvo<br \/>\nun encuentro con el Dr. H\u00e9ctor Manuel Capello Garc\u00eda, a quien expres\u00f3 su reconocimiento<br \/>\npor su s\u00f3lida trayectoria acad\u00e9mica y de investigaci\u00f3n al servicio de la m\u00e1xima casa de<br \/>\nestudios del estado.<br \/>\nEn un ameno di\u00e1logo, el rector subray\u00f3 que el trabajo del Dr. Capello ha contribuido a<br \/>\nfortalecer la calidad educativa y el desarrollo de programas innovadores que generan<br \/>\nprestigio a la UAT.<br \/>\nExpres\u00f3 que su labor, de m\u00e1s de cuatro d\u00e9cadas en la UAT, ha sido un baluarte en la<br \/>\nformaci\u00f3n de profesionales y especialistas en los campos de la educaci\u00f3n y las ciencias<br \/>\nsociales, adem\u00e1s de su liderazgo en proyectos de relevancia nacional.<br \/>\nEn ese sentido, destac\u00f3 la participaci\u00f3n de Capello en la instalaci\u00f3n y consolidaci\u00f3n del<br \/>\nDoctorado en Seguridad y Defensa Nacional del Centro de Estudios Superiores Navales,<br \/>\norganismo que, en su oportunidad, le ha reconocido su invaluable colaboraci\u00f3n en el<br \/>\nimportante v\u00ednculo acad\u00e9mico entre la UAT y la Secretar\u00eda de Marina.<br \/>\nDurante la reuni\u00f3n abordaron diversos temas de inter\u00e9s acad\u00e9mico, enfoc\u00e1ndose en el<br \/>\nfortalecimiento de la educaci\u00f3n superior y la investigaci\u00f3n en la UAT; destacaron, adem\u00e1s,<br \/>\nla importancia de seguir fortaleciendo la colaboraci\u00f3n institucional y el desarrollo de<br \/>\nprogramas innovadores que promuevan el avance acad\u00e9mico y que contribuyan a la<br \/>\nformaci\u00f3n de profesionales comprometidos con el progreso de la regi\u00f3n y el pa\u00eds.<br \/>\nEste encuentro reafirma el compromiso de la UAT con la excelencia acad\u00e9mica y su<br \/>\nreconocimiento a quienes dedican su trayectoria al avance del conocimiento y al desarrollo<br \/>\nde iniciativas de importancia para M\u00e9xico.<br \/>\nCabe mencionar, que el Dr. H\u00e9ctor Manuel Capello tiene una amplia trayectoria en el \u00e1mbito<br \/>\neducativo y de investigaci\u00f3n. Es autor de numerosos libros y art\u00edculos, y su formaci\u00f3n incluye<br \/>\nestudios en la Universidad Nacional Aut\u00f3noma de M\u00e9xico, la Universidad de Texas y la<br \/>\nUniversidad de Columbia, en Nueva York. Ha ocupado diversos cargos en la UAT, donde ha<br \/>\nsido fundamental en el desarrollo de programas acad\u00e9micos y en la promoci\u00f3n de la<br \/>\ninvestigaci\u00f3n social.<br \/>\nRecientemente, fue distinguido con el Reconocimiento a la Trayectoria Docente por sus 45<br \/>\na\u00f1os de labor en la Facultad de Ciencias, Educaci\u00f3n y Humanidades de la UAT, destacando<br \/>\ntambi\u00e9n su participaci\u00f3n como decano de esta dependencia universitaria e integrante del<br \/>\ncuerpo acad\u00e9mico Innovaci\u00f3n Educativa.<\/p>\n","protected":false},"excerpt":{"rendered":"El rector de la Universidad Aut\u00f3noma de Tamaulipas (UAT), D\u00e1maso Anaya Alvarado, sostuvo un encuentro con el Dr. H\u00e9ctor Manuel Capello Garc\u00eda, a quien expres\u00f3 su reconocimiento por su s\u00f3lida trayectoria acad\u00e9mica y de investigaci\u00f3n al servicio de la m\u00e1xima casa de estudios del estado. En un ameno di\u00e1logo, el rector subray\u00f3 que el trabajo","protected":false},"author":1,"featured_media":3088,"comment_status":"open","ping_status":"open","sticky":false,"template":"","format":"standard","meta":{"_monsterinsights_skip_tracking":false,"_monsterinsights_sitenote_active":false,"_monsterinsights_sitenote_note":"","_monsterinsights_sitenote_category":0,"footnotes":""},"categories":[3],"tags":[],"class_list":["post-3087","post","type-post","status-publish","format-standard","has-post-thumbnail","hentry","category-noticias"],"aioseo_notices":[],"amp_enabled":true,"_links":{"self":[{"href":"https:\/\/tamaulipasmiregion.com\/index.php?rest_route=\/wp\/v2\/posts\/3087","targetHints":{"allow":["GET"]}}],"collection":[{"href":"https:\/\/tamaulipasmiregion.com\/index.php?rest_route=\/wp\/v2\/posts"}],"about":[{"href":"https:\/\/tamaulipasmiregion.com\/index.php?rest_route=\/wp\/v2\/types\/post"}],"author":[{"embeddable":true,"href":"https:\/\/tamaulipasmiregion.com\/index.php?rest_route=\/wp\/v2\/users\/1"}],"replies":[{"embeddable":true,"href":"https:\/\/tamaulipasmiregion.com\/index.php?rest_route=%2Fwp%2Fv2%2Fcomments&post=3087"}],"version-history":[{"count":1,"href":"https:\/\/tamaulipasmiregion.com\/index.php?rest_route=\/wp\/v2\/posts\/3087\/revisions"}],"predecessor-version":[{"id":3089,"href":"https:\/\/tamaulipasmiregion.com\/index.php?rest_route=\/wp\/v2\/posts\/3087\/revisions\/3089"}],"wp:featuredmedia":[{"embeddable":true,"href":"https:\/\/tamaulipasmiregion.com\/index.php?rest_route=\/wp\/v2\/media\/3088"}],"wp:attachment":[{"href":"https:\/\/tamaulipasmiregion.com\/index.php?rest_route=%2Fwp%2Fv2%2Fmedia&parent=3087"}],"wp:term":[{"taxonomy":"category","embeddable":true,"href":"https:\/\/tamaulipasmiregion.com\/index.php?rest_route=%2Fwp%2Fv2%2Fcategories&post=3087"},{"taxonomy":"post_tag","embeddable":true,"href":"https:\/\/tamaulipasmiregion.com\/index.php?rest_route=%2Fwp%2Fv2%2Ftags&post=3087"}],"curies":[{"name":"wp","href":"https:\/\/api.w.org\/{rel}","templated":true}]}}