{"id":3105,"date":"2025-01-30T00:38:08","date_gmt":"2025-01-30T00:38:08","guid":{"rendered":"https:\/\/tamaulipasmiregion.com\/?p=3105"},"modified":"2025-02-08T00:39:48","modified_gmt":"2025-02-08T00:39:48","slug":"rector-de-la-uat-presenta-al-patronato-universitario-el-proyecto-de-presupuesto-2025","status":"publish","type":"post","link":"https:\/\/tamaulipasmiregion.com\/?p=3105","title":{"rendered":"Rector de la UAT presenta al Patronato Universitario el proyecto de presupuesto 2025"},"content":{"rendered":"<p>El rector D\u00e1maso Anaya Alvarado present\u00f3 al Honorable Patronato Universitario los estados<br \/>\nfinancieros al 31 de diciembre de 2024 y el proyecto de presupuesto para el 2025 de la<br \/>\nUniversidad Aut\u00f3noma de Tamaulipas (UAT).<br \/>\nLa cent\u00e9sima decimonovena reuni\u00f3n ordinaria del Patronato de la UAT, efectuada en la<br \/>\nFacultad de Medicina del Campus Sur, fue presidida por el representante del \u00f3rgano<br \/>\ncolegiado en Tampico, Salvador Salazar Herrera, con la asistencia de funcionarios de la<br \/>\nadministraci\u00f3n rectoral.<br \/>\nDurante su intervenci\u00f3n, el rector D\u00e1maso Anaya inform\u00f3 a los integrantes del Patronato los<br \/>\nrecientes avances de la UAT y la aplicaci\u00f3n de los recursos distribuidos en la docencia, la<br \/>\ninvestigaci\u00f3n, la gesti\u00f3n institucional, la vinculaci\u00f3n y extensi\u00f3n de los servicios, entre otros<br \/>\nrubros que corresponden al ejercicio presupuestal de la casa de estudios.<br \/>\nAsimismo, destac\u00f3 la puesta en marcha del plan de infraestructura que representa un<br \/>\nimportante avance para fortalecer el crecimiento y la calidad de los servicios educativos de<br \/>\ntodas las unidades acad\u00e9micas, facultades y escuelas.<br \/>\nSubray\u00f3 tambi\u00e9n que se han incrementado de manera significativa los apoyos en becas y<br \/>\nest\u00edmulos educativos con el prop\u00f3sito de que ning\u00fan joven deje sus estudios por motivos<br \/>\necon\u00f3micos.<br \/>\nA su vez, reiter\u00f3 la disposici\u00f3n de estrechar los lazos con las instituciones gubernamentales<br \/>\ny el sector empresarial con la meta de contribuir al desarrollo regional, y brindar mayores<br \/>\noportunidades para los estudiantes en su formaci\u00f3n profesional y en el mercado laboral.<br \/>\nD\u00e1maso Anaya reconoci\u00f3 a los integrantes del Patronato de la UAT por su labor como<br \/>\nrepresentantes de la sociedad tamaulipeca en este \u00f3rgano colegiado, que tiene entre sus<br \/>\natribuciones vigilar y acrecentar el patrimonio universitario, adem\u00e1s de revisar y ajustar el<br \/>\nproyecto de presupuesto anual y turnarlo a la Asamblea Universitaria para su aprobaci\u00f3n.<br \/>\nEn la sesi\u00f3n estuvieron, de manera presencial, por Tampico, Salvador Salazar Herrera; y por<br \/>\nCiudad Mante, Francisco Rivera Cortez; mientras que, en la modalidad a distancia, dieron<br \/>\nseguimiento a los trabajos, el representante por Ciudad Victoria, Miguel Salm\u00e1n \u00c1lvarez; y<br \/>\npor Nuevo Laredo, Glafiro Montemayor Quintanilla.<\/p>\n","protected":false},"excerpt":{"rendered":"El rector D\u00e1maso Anaya Alvarado present\u00f3 al Honorable Patronato Universitario los estados financieros al 31 de diciembre de 2024 y el proyecto de presupuesto para el 2025 de la Universidad Aut\u00f3noma de Tamaulipas (UAT). La cent\u00e9sima decimonovena reuni\u00f3n ordinaria del Patronato de la UAT, efectuada en la Facultad de Medicina del Campus Sur, fue presidida","protected":false},"author":1,"featured_media":0,"comment_status":"open","ping_status":"open","sticky":false,"template":"","format":"standard","meta":{"_monsterinsights_skip_tracking":false,"_monsterinsights_sitenote_active":false,"_monsterinsights_sitenote_note":"","_monsterinsights_sitenote_category":0,"footnotes":""},"categories":[3],"tags":[],"class_list":["post-3105","post","type-post","status-publish","format-standard","hentry","category-noticias"],"aioseo_notices":[],"amp_enabled":true,"_links":{"self":[{"href":"https:\/\/tamaulipasmiregion.com\/index.php?rest_route=\/wp\/v2\/posts\/3105","targetHints":{"allow":["GET"]}}],"collection":[{"href":"https:\/\/tamaulipasmiregion.com\/index.php?rest_route=\/wp\/v2\/posts"}],"about":[{"href":"https:\/\/tamaulipasmiregion.com\/index.php?rest_route=\/wp\/v2\/types\/post"}],"author":[{"embeddable":true,"href":"https:\/\/tamaulipasmiregion.com\/index.php?rest_route=\/wp\/v2\/users\/1"}],"replies":[{"embeddable":true,"href":"https:\/\/tamaulipasmiregion.com\/index.php?rest_route=%2Fwp%2Fv2%2Fcomments&post=3105"}],"version-history":[{"count":1,"href":"https:\/\/tamaulipasmiregion.com\/index.php?rest_route=\/wp\/v2\/posts\/3105\/revisions"}],"predecessor-version":[{"id":3106,"href":"https:\/\/tamaulipasmiregion.com\/index.php?rest_route=\/wp\/v2\/posts\/3105\/revisions\/3106"}],"wp:attachment":[{"href":"https:\/\/tamaulipasmiregion.com\/index.php?rest_route=%2Fwp%2Fv2%2Fmedia&parent=3105"}],"wp:term":[{"taxonomy":"category","embeddable":true,"href":"https:\/\/tamaulipasmiregion.com\/index.php?rest_route=%2Fwp%2Fv2%2Fcategories&post=3105"},{"taxonomy":"post_tag","embeddable":true,"href":"https:\/\/tamaulipasmiregion.com\/index.php?rest_route=%2Fwp%2Fv2%2Ftags&post=3105"}],"curies":[{"name":"wp","href":"https:\/\/api.w.org\/{rel}","templated":true}]}}