{"id":3121,"date":"2025-02-04T01:05:24","date_gmt":"2025-02-04T01:05:24","guid":{"rendered":"https:\/\/tamaulipasmiregion.com\/?p=3121"},"modified":"2025-02-08T01:06:45","modified_gmt":"2025-02-08T01:06:45","slug":"difunde-la-uat-convocatoria-beca-futuro-tamaulipas-jovenes-nivel-superior","status":"publish","type":"post","link":"https:\/\/tamaulipasmiregion.com\/?p=3121","title":{"rendered":"Difunde la UAT convocatoria Beca Futuro Tamaulipas J\u00f3venes Nivel Superior"},"content":{"rendered":"<p>\u2022 La UAT invita a estudiantes de todas sus facultades y unidades acad\u00e9micas a<br \/>\nparticipar en este programa que ofrece el Gobierno del Estado de Tamaulipas cuyo<br \/>\nregistro estar\u00e1 abierto del 3 al 14 de febrero de 2025.<br \/>\nLa Universidad Aut\u00f3noma de Tamaulipas (UAT) hace un llamado a su comunidad estudiantil<br \/>\na participar en la convocatoria de la Beca \u201cFuturo Tamaulipas, J\u00f3venes de Nivel Superior\u201d<br \/>\npara el periodo febrero-junio 2025, emitida por el Gobierno del Estado a trav\u00e9s de la<br \/>\nSecretar\u00eda de Educaci\u00f3n y el Instituto Tamaulipeco de Becas, Est\u00edmulos y Cr\u00e9ditos Educativos<br \/>\n(ITABEC).<br \/>\nEsta beca tiene como objetivo brindar apoyo a estudiantes de nivel superior que se<br \/>\nencuentren en situaci\u00f3n socioecon\u00f3mica vulnerable, y que cursan estudios en instituciones<br \/>\np\u00fablicas de educaci\u00f3n superior del estado de Tamaulipas.<br \/>\nEl registro est\u00e1 abierto del 3 al 14 de febrero de 2025 en la plataforma<br \/>\nhttps:\/\/sistemasiceet.tamaulipas.gob.mx\/becas\/futurotamaulipas\/ con acceso tambi\u00e9n en<br \/>\nla p\u00e1gina web del ITABEC.<br \/>\nLos estudiantes deber\u00e1n cumplir con los siguientes requisitos: ser originarios o residentes<br \/>\nde Tamaulipas, no contar con otro apoyo econ\u00f3mico o en especie, ser estudiantes regulares<br \/>\ncon un promedio m\u00ednimo de 8.0, y estar inscritos en programas de licenciatura, t\u00e9cnico<br \/>\nsuperior universitario o profesional asociado.<br \/>\nDeber\u00e1n entregar la documentaci\u00f3n completa, que incluye la solicitud debidamente<br \/>\nrequisitada, acta de nacimiento, identificaci\u00f3n oficial vigente, historial acad\u00e9mico,<br \/>\ncomprobante de domicilio reciente, y otros documentos espec\u00edficos para casos de<br \/>\ndiscapacidad, embarazo, o ser padres o madres de familia.<br \/>\nLa entrega de la documentaci\u00f3n deber\u00e1 hacerse ante el responsable de becas en cada<br \/>\nfacultad o unidad acad\u00e9mica de la UAT o a la instituci\u00f3n de educaci\u00f3n a la que pertenezcan.<br \/>\nMayores informes a los tel\u00e9fonos del ITABEC, 834 107 8998, 834 204 2031, y 800 710 6710,<br \/>\no bien dirigirse al \u00e1rea responsable de becas de su facultad o unidad acad\u00e9mica en la UAT.<\/p>\n","protected":false},"excerpt":{"rendered":"\u2022 La UAT invita a estudiantes de todas sus facultades y unidades acad\u00e9micas a participar en este programa que ofrece el Gobierno del Estado de Tamaulipas cuyo registro estar\u00e1 abierto del 3 al 14 de febrero de 2025. La Universidad Aut\u00f3noma de Tamaulipas (UAT) hace un llamado a su comunidad estudiantil a participar en la","protected":false},"author":1,"featured_media":3122,"comment_status":"open","ping_status":"open","sticky":false,"template":"","format":"standard","meta":{"_monsterinsights_skip_tracking":false,"_monsterinsights_sitenote_active":false,"_monsterinsights_sitenote_note":"","_monsterinsights_sitenote_category":0,"footnotes":""},"categories":[3],"tags":[],"class_list":["post-3121","post","type-post","status-publish","format-standard","has-post-thumbnail","hentry","category-noticias"],"aioseo_notices":[],"amp_enabled":true,"_links":{"self":[{"href":"https:\/\/tamaulipasmiregion.com\/index.php?rest_route=\/wp\/v2\/posts\/3121","targetHints":{"allow":["GET"]}}],"collection":[{"href":"https:\/\/tamaulipasmiregion.com\/index.php?rest_route=\/wp\/v2\/posts"}],"about":[{"href":"https:\/\/tamaulipasmiregion.com\/index.php?rest_route=\/wp\/v2\/types\/post"}],"author":[{"embeddable":true,"href":"https:\/\/tamaulipasmiregion.com\/index.php?rest_route=\/wp\/v2\/users\/1"}],"replies":[{"embeddable":true,"href":"https:\/\/tamaulipasmiregion.com\/index.php?rest_route=%2Fwp%2Fv2%2Fcomments&post=3121"}],"version-history":[{"count":1,"href":"https:\/\/tamaulipasmiregion.com\/index.php?rest_route=\/wp\/v2\/posts\/3121\/revisions"}],"predecessor-version":[{"id":3123,"href":"https:\/\/tamaulipasmiregion.com\/index.php?rest_route=\/wp\/v2\/posts\/3121\/revisions\/3123"}],"wp:featuredmedia":[{"embeddable":true,"href":"https:\/\/tamaulipasmiregion.com\/index.php?rest_route=\/wp\/v2\/media\/3122"}],"wp:attachment":[{"href":"https:\/\/tamaulipasmiregion.com\/index.php?rest_route=%2Fwp%2Fv2%2Fmedia&parent=3121"}],"wp:term":[{"taxonomy":"category","embeddable":true,"href":"https:\/\/tamaulipasmiregion.com\/index.php?rest_route=%2Fwp%2Fv2%2Fcategories&post=3121"},{"taxonomy":"post_tag","embeddable":true,"href":"https:\/\/tamaulipasmiregion.com\/index.php?rest_route=%2Fwp%2Fv2%2Ftags&post=3121"}],"curies":[{"name":"wp","href":"https:\/\/api.w.org\/{rel}","templated":true}]}}