{"id":3130,"date":"2025-02-08T01:16:12","date_gmt":"2025-02-08T01:16:12","guid":{"rendered":"https:\/\/tamaulipasmiregion.com\/?p=3130"},"modified":"2025-02-08T01:16:13","modified_gmt":"2025-02-08T01:16:13","slug":"realiza-la-uat-semana-academica-de-la-constitucion","status":"publish","type":"post","link":"https:\/\/tamaulipasmiregion.com\/?p=3130","title":{"rendered":"Realiza la UAT semana acad\u00e9mica de la Constituci\u00f3n"},"content":{"rendered":"<p>Con motivo de la conmemoraci\u00f3n del D\u00eda de la Constituci\u00f3n Pol\u00edtica de los Estados Unidos<br \/>\nMexicanos, la Facultad de Derecho y Ciencias Sociales Victoria (FDCSV) de la Universidad<br \/>\nAut\u00f3noma de Tamaulipas (UAT) llev\u00f3 a cabo la Semana de la Constituci\u00f3n \u00abGonzalo Higinio<br \/>\nCarrillo de Le\u00f3n\u00bb, a fin de fortalecer el conocimiento y la reflexi\u00f3n en torno al Estado de<br \/>\nDerecho en M\u00e9xico.<br \/>\nEl programa de actividades consisti\u00f3 en un ciclo de conferencias y conversatorios, del 4 al 6<br \/>\nde febrero, realizados en la Sala de Juicios Orales de esta Facultad, en donde especialistas<br \/>\nen derecho abordaron, entre otros temas, los retos y transformaciones del<br \/>\nconstitucionalismo, la impartici\u00f3n de justicia y la modernizaci\u00f3n del marco legal.<br \/>\nLos eventos dieron inicio con un reconocimiento al legado del magistrado Gonzalo Higinio<br \/>\nCarrillo de Le\u00f3n, seguido del conversatorio \u00abLos retos del constitucionalismo mexicano.<br \/>\n\u00bfHacia una nueva visi\u00f3n?\u00bb, contando con la participaci\u00f3n del Dr. Edy Izaguirre Trevi\u00f1o,<br \/>\ndirector de la Facultad de Derecho Victoria, y el Dr. Carlos Mora Garc\u00eda, bajo la moderaci\u00f3n<br \/>\nde la Dra. Gloria Graciela Reyna Hagelsieb, quien condujo la charla sobre la adaptaci\u00f3n de<br \/>\nla Constituci\u00f3n ante los cambios pol\u00edticos y sociales.<br \/>\nOtro de los eventos llevados a cabo fue el conversatorio \u00abLa reforma constitucional en<br \/>\nmateria judicial: Perspectivas y retos\u00bb, con la participaci\u00f3n de los doctores Edy Izaguirre y<br \/>\nHumberto Dragustinovis Perales, moderados por la Dra. Melissa Mart\u00ednez Hern\u00e1ndez.<br \/>\nSe program\u00f3 tambi\u00e9n la conferencia \u00abLa reforma constitucional a los poderes judiciales\u00bb, a<br \/>\ncargo del Dr. Edgar Maciel Mart\u00ednez B\u00e1ez, quien profundiz\u00f3 sobre las implicaciones de los<br \/>\ncambios constitucionales en el sistema judicial y su efecto en la impartici\u00f3n de justicia.<br \/>\nEl ciclo de actividades culmin\u00f3 con el conversatorio \u00abLa visi\u00f3n modernizadora del derecho y<br \/>\nla justicia en la Constituci\u00f3n\u00bb, con la participaci\u00f3n del Mtro. Jos\u00e9 Ives Sober\u00f3n Mej\u00eda y el Dr.<br \/>\nGabriel Higuera Licona, moderados por la Dra. Luc\u00eda Graciano Casas, quienes compartieron<br \/>\nsu visi\u00f3n sobre los desaf\u00edos y avances en el marco constitucional.<\/p>\n","protected":false},"excerpt":{"rendered":"Con motivo de la conmemoraci\u00f3n del D\u00eda de la Constituci\u00f3n Pol\u00edtica de los Estados Unidos Mexicanos, la Facultad de Derecho y Ciencias Sociales Victoria (FDCSV) de la Universidad Aut\u00f3noma de Tamaulipas (UAT) llev\u00f3 a cabo la Semana de la Constituci\u00f3n \u00abGonzalo Higinio Carrillo de Le\u00f3n\u00bb, a fin de fortalecer el conocimiento y la reflexi\u00f3n en","protected":false},"author":1,"featured_media":3131,"comment_status":"open","ping_status":"open","sticky":false,"template":"","format":"standard","meta":{"_monsterinsights_skip_tracking":false,"_monsterinsights_sitenote_active":false,"_monsterinsights_sitenote_note":"","_monsterinsights_sitenote_category":0,"footnotes":""},"categories":[3],"tags":[],"class_list":["post-3130","post","type-post","status-publish","format-standard","has-post-thumbnail","hentry","category-noticias"],"aioseo_notices":[],"amp_enabled":true,"_links":{"self":[{"href":"https:\/\/tamaulipasmiregion.com\/index.php?rest_route=\/wp\/v2\/posts\/3130","targetHints":{"allow":["GET"]}}],"collection":[{"href":"https:\/\/tamaulipasmiregion.com\/index.php?rest_route=\/wp\/v2\/posts"}],"about":[{"href":"https:\/\/tamaulipasmiregion.com\/index.php?rest_route=\/wp\/v2\/types\/post"}],"author":[{"embeddable":true,"href":"https:\/\/tamaulipasmiregion.com\/index.php?rest_route=\/wp\/v2\/users\/1"}],"replies":[{"embeddable":true,"href":"https:\/\/tamaulipasmiregion.com\/index.php?rest_route=%2Fwp%2Fv2%2Fcomments&post=3130"}],"version-history":[{"count":1,"href":"https:\/\/tamaulipasmiregion.com\/index.php?rest_route=\/wp\/v2\/posts\/3130\/revisions"}],"predecessor-version":[{"id":3132,"href":"https:\/\/tamaulipasmiregion.com\/index.php?rest_route=\/wp\/v2\/posts\/3130\/revisions\/3132"}],"wp:featuredmedia":[{"embeddable":true,"href":"https:\/\/tamaulipasmiregion.com\/index.php?rest_route=\/wp\/v2\/media\/3131"}],"wp:attachment":[{"href":"https:\/\/tamaulipasmiregion.com\/index.php?rest_route=%2Fwp%2Fv2%2Fmedia&parent=3130"}],"wp:term":[{"taxonomy":"category","embeddable":true,"href":"https:\/\/tamaulipasmiregion.com\/index.php?rest_route=%2Fwp%2Fv2%2Fcategories&post=3130"},{"taxonomy":"post_tag","embeddable":true,"href":"https:\/\/tamaulipasmiregion.com\/index.php?rest_route=%2Fwp%2Fv2%2Ftags&post=3130"}],"curies":[{"name":"wp","href":"https:\/\/api.w.org\/{rel}","templated":true}]}}